{"id":136307,"date":"2026-02-15T16:10:09","date_gmt":"2026-02-15T16:10:09","guid":{"rendered":"https:\/\/colimdo.org\/?p=136307"},"modified":"2026-02-15T16:10:09","modified_gmt":"2026-02-15T16:10:09","slug":"el-brasileno-lucas-pinheiro-braathen-gana-el-eslalon-gigante-y-consigue-la-primera-medalla-de-sudamerica-en-los-juegos-de-invierno","status":"publish","type":"post","link":"https:\/\/colimdo.org\/noticias\/el-brasileno-lucas-pinheiro-braathen-gana-el-eslalon-gigante-y-consigue-la-primera-medalla-de-sudamerica-en-los-juegos-de-invierno\/","title":{"rendered":"El brasile\u00f1o Lucas Pinheiro Braathen gana el eslalon gigante y consigue la primera medalla de Sudam\u00e9rica en los Juegos de Invierno"},"content":{"rendered":"<p>BORMIO, Italia (AP) \u2014 Hubo baile, mucho baile, para el esquiador brasile\u00f1o Lucas Pinheiro Braathen, quien repiti\u00f3 pasos de samba una y otra vez. Sin m\u00fasica de verdad, tampoco.<\/p>\n<p>Tambi\u00e9n hubo emociones, sobre todo cuando tocaron su himno nacional. Y reflexi\u00f3n, al saber lo que este momento significaba ahora y lo que podr\u00eda significar m\u00e1s adelante.<\/p>\n<p>Pinheiro Braathen, que en su d\u00eda fue corredor de Noruega , se mud\u00f3 a Brasil, el pa\u00eds natal de su madre, y con dos potentes carreras el s\u00e1bado para ganar el eslalon gigante ol\u00edmpico se gan\u00f3 la distinci\u00f3n de ganar la primera medalla de Sudam\u00e9rica en unos Juegos de Invierno .<\/p>\n<p>\u201cHe intentado una y otra vez expresar con palabras lo que siento\u201d, dijo Pinheiro Braathen. \u201cPero es simplemente imposible\u201d.<\/p>\n<p>Le dio a su pa\u00eds otra raz\u00f3n para celebrar, incluso si ya era temporada de Carnaval. El esquiador, amante de la diversi\u00f3n y bailar\u00edn de samba, tambi\u00e9n ten\u00eda el casco perfecto para la ocasi\u00f3n, con la inscripci\u00f3n &#8220;Vamos Dancar&#8221; en la espalda.<\/p>\n<p>En la primera manga realiz\u00f3 un n\u00famero r\u00edtmico que le dio una ventaja de 0,95 segundos.<\/p>\n<p>Con la nieve cayendo y la niebla asent\u00e1ndose en la \u00faltima manga, Pinheiro Braathen, de 25 a\u00f1os, se mantuvo sereno y relajado mientras recorr\u00eda el t\u00e9cnico circuito del Stelvio. Tras ver su puesto \u2014el n\u00famero 1\u2014, se qued\u00f3 mirando fijamente. Cuando finalmente lo comprendi\u00f3, se desplom\u00f3 en la nieve antes de empezar a gritar.<\/p>\n<p>Termin\u00f3 con un tiempo combinado de dos mangas de 2 minutos y 25 segundos, superando al suizo Marco Odermatt, actual campe\u00f3n ol\u00edmpico , por 0,58 segundos. Su compa\u00f1ero de equipo, Loic Meillard, se llev\u00f3 el bronce.<\/p>\n<p>\u201cEs un momento dif\u00edcil de comprender, aunque es clar\u00edsimo que oficialmente eres el campe\u00f3n ol\u00edmpico\u201d, explic\u00f3 Pinheiro Braathen. \u201cAunque ten\u00eda tanta fe y sab\u00eda que esto estaba escrito para m\u00ed, sigue siendo incre\u00edble vivir ese sue\u00f1o hecho realidad. No pod\u00eda comprenderlo del todo\u201d.<\/p>\n<p>Pinheiro Braathen proviene de una familia de madre brasile\u00f1a y padre noruego. Empez\u00f3 a competir para Noruega hasta que se retir\u00f3 abruptamente antes de la temporada 2023, para regresar un a\u00f1o despu\u00e9s representando a Brasil .<\/p>\n<p>Ya ha logrado muchos logros con su nuevo pa\u00eds: fue el primer corredor alpino brasile\u00f1o en terminar en un podio de la Copa del Mundo el a\u00f1o pasado y la primera victoria de la Copa del Mundo para el pa\u00eds esta temporada.<\/p>\n<p>Ahora, es el primer atleta ol\u00edmpico del continente sudamericano que trae a casa una medalla de invierno.<\/p>\n<p>\u201cLas emociones que siento ahora mismo son como un sol interior que brilla con much\u00edsima intensidad hacia tanta gente\u201d, dijo. \u201cEsquiaba con el coraz\u00f3n, y cuando esqu\u00edas como eres, todo es posible. Lo \u00fanico que me importa es seguir siendo quien soy. Soy un esquiador brasile\u00f1o que se convirti\u00f3 en campe\u00f3n ol\u00edmpico\u201d.<\/p>\n<p>Por eso se emocion\u00f3 tanto al escuchar el himno nacional en el podio. Brasil ha participado en todas las ediciones de los Juegos Ol\u00edmpicos de Invierno desde 1992. El mejor resultado del pa\u00eds hasta la medalla de oro de Pinheiro Braathen fue el noveno puesto en snowboard femenino en 2006 con Isabel Clark.<\/p>\n<p>\u201cSer la raz\u00f3n por la que puedo escuchar y compartir esa canci\u00f3n en un estadio en medio de las monta\u00f1as, gracias a una medalla de oro ol\u00edmpica de invierno para estos colores, me hace sentir m\u00e1s que orgulloso\u201d, dijo Pinheiro Braathen.<\/p>\n<p>Tambi\u00e9n elogi\u00f3 a la Federaci\u00f3n Noruega de Esqu\u00ed.<\/p>\n<p>\u201cNo siento odio ni resentimiento por lo sucedido\u201d, dijo. \u201cSimplemente estoy agradecido, porque son nuestras diferentes perspectivas las que me han obligado a confrontarme a m\u00ed mismo para perseguir mi propio sue\u00f1o. Y fue ese coraz\u00f3n y esa fuerza lo que me llev\u00f3 a la cima de los Juegos Ol\u00edmpicos\u201d.<\/p>\n<p>Odermatt obtuvo otra medalla en los Juegos de Mil\u00e1n Cortina. Tambi\u00e9n gan\u00f3 la plata en la prueba combinada por equipos, donde form\u00f3 pareja con Meillard, y el bronce en el supergigante.<\/p>\n<p>\u201cTres medallas\u201d, dijo Odermatt, \u201ces incre\u00edble\u201d.<\/p>\n<p>Se le pregunt\u00f3 a Odermatt sobre ver a un brasile\u00f1o en lo m\u00e1s alto del podio ol\u00edmpico y su significado: &#8220;Para m\u00ed, no representa nada. Curs\u00f3 toda su formaci\u00f3n en Noruega. Acaba de mudarse a Brasil, as\u00ed que no me importa. Pero es un esquiador incre\u00edble y lo respeto como atleta&#8221;.<\/p>\n<p>El noruego Atle Lie McGrath termin\u00f3 quinto. Conoc\u00eda a Pinheiro Braathen desde que empezaron a competir juntos de ni\u00f1os en su club de esqu\u00ed.<\/p>\n<p>&#8220;Nos dimos un abrazo muy especial all\u00ed&#8221;, dijo McGrath, quien luc\u00eda un brazalete negro en homenaje a su difunto abuelo. &#8220;Estoy muy orgulloso de \u00e9l&#8221;.<\/p>\n<p>En Mil\u00e1n, la afici\u00f3n de Pinheiro Braathen, ataviada de verde y amarillo, abarrot\u00f3 la &#8220;Casa Brasil&#8221;. Lo aclamaron durante toda su carrera, gritando y poni\u00e9ndose de pie de un salto al terminar. El sistema de sonido reson\u00f3 a todo volumen con &#8220;We Are The Champions&#8221; antes de reproducir canciones con influencias de samba para que todos bailaran.<\/p>\n<p>A Pinheiro Braathen le cuesta imaginar c\u00f3mo lo percibir\u00e1n ahora que gan\u00f3 el oro para Brasil. Est\u00e1 ansioso por descubrirlo.<\/p>\n<p>\u201cDesde el d\u00eda que empec\u00e9 a representar a Brasil hasta que me convert\u00ed en campe\u00f3n ol\u00edmpico hoy, he le\u00eddo much\u00edsimos comentarios del tipo: &#8216;No tengo ni idea de qu\u00e9 est\u00e1 pasando, pero vamos Brasil. Vamos Lucas&#8217;\u201d, relat\u00f3 Pinheiro Braathen. \u201cCreo que es ese amor y apoyo incondicional de los brasile\u00f1os, aunque todav\u00eda estamos en este proceso de introducir las carreras de esqu\u00ed en Brasil, lo que realmente me ha permitido esquiar tan r\u00e1pido\u201d.<\/p>\n","protected":false},"excerpt":{"rendered":"<p>BORMIO, Italia (AP) \u2014 Hubo baile, mucho baile, para el esquiador brasile\u00f1o Lucas Pinheiro Braathen, quien repiti\u00f3 pasos de samba una y otra vez. Sin m\u00fasica de verdad, tampoco. Tambi\u00e9n hubo emociones, sobre todo cuando tocaron su himno nacional. Y reflexi\u00f3n, al saber lo que este momento significaba ahora y lo que podr\u00eda significar m\u00e1s [&hellip;]<\/p>\n","protected":false},"author":20,"featured_media":136308,"comment_status":"closed","ping_status":"closed","sticky":false,"template":"","format":"standard","meta":[],"categories":[5,2],"tags":[25570,101127,101128],"acf":[],"_links":{"self":[{"href":"https:\/\/colimdo.org\/wp-api\/wp\/v2\/posts\/136307"}],"collection":[{"href":"https:\/\/colimdo.org\/wp-api\/wp\/v2\/posts"}],"about":[{"href":"https:\/\/colimdo.org\/wp-api\/wp\/v2\/types\/post"}],"author":[{"embeddable":true,"href":"https:\/\/colimdo.org\/wp-api\/wp\/v2\/users\/20"}],"replies":[{"embeddable":true,"href":"https:\/\/colimdo.org\/wp-api\/wp\/v2\/comments?post=136307"}],"version-history":[{"count":1,"href":"https:\/\/colimdo.org\/wp-api\/wp\/v2\/posts\/136307\/revisions"}],"predecessor-version":[{"id":136309,"href":"https:\/\/colimdo.org\/wp-api\/wp\/v2\/posts\/136307\/revisions\/136309"}],"wp:featuredmedia":[{"embeddable":true,"href":"https:\/\/colimdo.org\/wp-api\/wp\/v2\/media\/136308"}],"wp:attachment":[{"href":"https:\/\/colimdo.org\/wp-api\/wp\/v2\/media?parent=136307"}],"wp:term":[{"taxonomy":"category","embeddable":true,"href":"https:\/\/colimdo.org\/wp-api\/wp\/v2\/categories?post=136307"},{"taxonomy":"post_tag","embeddable":true,"href":"https:\/\/colimdo.org\/wp-api\/wp\/v2\/tags?post=136307"}],"curies":[{"name":"wp","href":"https:\/\/api.w.org\/{rel}","templated":true}]}}