{"id":136362,"date":"2026-02-17T16:41:58","date_gmt":"2026-02-17T16:41:58","guid":{"rendered":"https:\/\/colimdo.org\/?p=136362"},"modified":"2026-02-17T16:41:58","modified_gmt":"2026-02-17T16:41:58","slug":"adoarh-celebra-segunda-edicion-de-su-carrera-caminata-5k","status":"publish","type":"post","link":"https:\/\/colimdo.org\/noticias\/adoarh-celebra-segunda-edicion-de-su-carrera-caminata-5k\/","title":{"rendered":"ADOARH celebra segunda edici\u00f3n de su carrera-caminata 5K"},"content":{"rendered":"<p>La Asociaci\u00f3n Dominicana de Administradores de Gesti\u00f3n Humana (ADOARH) celebr\u00f3 la segunda edici\u00f3n de \u201cADOARH 5K Carrera-Caminata\u201d en el Parque Mirador Sur.<\/p>\n<p>El evento, dise\u00f1ado para toda la familia, reuni\u00f3 a colaboradores, l\u00edderes de gesti\u00f3n humana y miembros de diversas organizaciones en una jornada dedicada al bienestar integral y los estilos de vida saludables.<\/p>\n<p>Las palabras de bienvenida estuvieron a cargo de la presidenta de la asociaci\u00f3n, Jenny Gonz\u00e1lez, quien estuvo acompa\u00f1ada por los miembros de la junta directiva: Evelyn M\u00e9ndez de Ortega, vicepresidenta; Lissette P\u00e9rez, tesorera; Susana D\u00edaz, secretaria; Rosabelle P\u00e9rez, y Nelson Santana, vocales.<\/p>\n<p>La premiaci\u00f3n se dividi\u00f3 en dos categor\u00edas principales, otorgando montos de 25,000 pesos para el primer lugar, 15,000 pesos para el segundo y 10,000 pesos para el tercero, en ambos renglones.<\/p>\n<p>En la categor\u00eda masculina ADOARH 5K, Gilberto Santana Manzano obtuvo el primer lugar con un tiempo de 14:27; seguido por Ramoncito Mej\u00eda en la segunda posici\u00f3n con 14:40, y Andrews Montilla en el tercer puesto con un tiempo de 14:49.<\/p>\n<p>En la categor\u00eda femenina ADOARH 5K, Soranyi Rodr\u00edguez se coron\u00f3 en el primer lugar con un tiempo de 16:50; mientras que Anayelis Ram\u00edrez alcanz\u00f3 el segundo lugar con 17:38, y Viageisy Jim\u00e9nez ocup\u00f3 la tercera posici\u00f3n con un registro de 17:51.<\/p>\n<p>ADOARH destac\u00f3 que la actividad super\u00f3 las expectativas de asistencia y participaci\u00f3n, consolid\u00e1ndose como un espacio de integraci\u00f3n, salud y compromiso social. Con este evento, la instituci\u00f3n reafirma su compromiso con la promoci\u00f3n de una cultura de bienestar y responsabilidad social dentro de las organizaciones dominicanas.<\/p>\n","protected":false},"excerpt":{"rendered":"<p>La Asociaci\u00f3n Dominicana de Administradores de Gesti\u00f3n Humana (ADOARH) celebr\u00f3 la segunda edici\u00f3n de \u201cADOARH 5K Carrera-Caminata\u201d en el Parque Mirador Sur. El evento, dise\u00f1ado para toda la familia, reuni\u00f3 a colaboradores, l\u00edderes de gesti\u00f3n humana y miembros de diversas organizaciones en una jornada dedicada al bienestar integral y los estilos de vida saludables. Las [&hellip;]<\/p>\n","protected":false},"author":20,"featured_media":136363,"comment_status":"closed","ping_status":"closed","sticky":false,"template":"","format":"standard","meta":[],"categories":[83143,2],"tags":[101139],"acf":[],"_links":{"self":[{"href":"https:\/\/colimdo.org\/wp-api\/wp\/v2\/posts\/136362"}],"collection":[{"href":"https:\/\/colimdo.org\/wp-api\/wp\/v2\/posts"}],"about":[{"href":"https:\/\/colimdo.org\/wp-api\/wp\/v2\/types\/post"}],"author":[{"embeddable":true,"href":"https:\/\/colimdo.org\/wp-api\/wp\/v2\/users\/20"}],"replies":[{"embeddable":true,"href":"https:\/\/colimdo.org\/wp-api\/wp\/v2\/comments?post=136362"}],"version-history":[{"count":1,"href":"https:\/\/colimdo.org\/wp-api\/wp\/v2\/posts\/136362\/revisions"}],"predecessor-version":[{"id":136364,"href":"https:\/\/colimdo.org\/wp-api\/wp\/v2\/posts\/136362\/revisions\/136364"}],"wp:featuredmedia":[{"embeddable":true,"href":"https:\/\/colimdo.org\/wp-api\/wp\/v2\/media\/136363"}],"wp:attachment":[{"href":"https:\/\/colimdo.org\/wp-api\/wp\/v2\/media?parent=136362"}],"wp:term":[{"taxonomy":"category","embeddable":true,"href":"https:\/\/colimdo.org\/wp-api\/wp\/v2\/categories?post=136362"},{"taxonomy":"post_tag","embeddable":true,"href":"https:\/\/colimdo.org\/wp-api\/wp\/v2\/tags?post=136362"}],"curies":[{"name":"wp","href":"https:\/\/api.w.org\/{rel}","templated":true}]}}