{"id":136384,"date":"2026-02-18T02:04:08","date_gmt":"2026-02-18T02:04:08","guid":{"rendered":"https:\/\/colimdo.org\/?p=136384"},"modified":"2026-02-18T02:04:27","modified_gmt":"2026-02-18T02:04:27","slug":"anuncian-version-47-vuelta-ciclistica-independencia-nacional-con-24-equipos","status":"publish","type":"post","link":"https:\/\/colimdo.org\/noticias\/anuncian-version-47-vuelta-ciclistica-independencia-nacional-con-24-equipos\/","title":{"rendered":"Anuncian versi\u00f3n 47 Vuelta Cicl\u00edstica Independencia Nacional con 24 equipos"},"content":{"rendered":"<p>SANTO DOMINGO. &#8211; La edici\u00f3n 47 de la Vuelta Cicl\u00edstica Independencia Nacional iniciar\u00e1 el pr\u00f3ximo martes 24 con la participaci\u00f3n de 144 pedalistas de 24 equipos nacionales e internacionales.<\/p>\n<p>La m\u00e1xima competencia del ciclismo nacional es un montaje de la Federaci\u00f3n Dominicana de Ciclismo, que preside Jorge Blas D\u00edaz, y el ministro administrativo de la presidencia Andr\u00e9s Bautista funge como presidente del Comit\u00e9 Organizador.<\/p>\n<p>Kelvin Cruz, ministro de Deportes, encabez\u00f3 junto a Bautista y Blas D\u00edaz, la conferencia de prensa para anunciar los detalles, celebrada en el Sal\u00f3n James Rodr\u00edguez, del Ministerio de Deportes.<\/p>\n<p>&#8220;Este evento posee un gran valor porque ha logrado permanecer y cada a\u00f1o capta la atenci\u00f3n del pueblo dominicano&#8221;, apunt\u00f3 Cruz.<\/p>\n<p>Bautista resalt\u00f3 que &#8220;es un honor representar al presidente Luis Abinader en este acto y pueden contar hoy y siempre con el apoyo porque el deporte solo trae cosas positivas a la sociedad.<\/p>\n<p>Blas D\u00edaz, reconoci\u00f3 la tenacidad de todos los presidentes que ha tenido la Federaci\u00f3n Dominicana de Ciclismo, quienes han logrado mantener a flote la Vuelta Independencia.<\/p>\n<p>Blas D\u00edaz indic\u00f3 que la competencia se llevar\u00e1 a cabo con seis etapas con 10 equipos nacionales y 14 extranjeros,<\/p>\n<p>Garibaldi Bautista, presidente del Comit\u00e9 Ol\u00edmpico Dominicano, Jos\u00e9 Bautista, ex presidente de Fedoci, y Fernando Geraldino, ejecutivo de la empresa Seaboard, estuvieron presentes juntos ejecutivos de Fedoci y vive ministros de Deportes.<\/p>\n<p>El certamen cuenta con el respaldo del Ministerio Administrativo de la Presidencia, el Ministerio de Deportes, Banreservas, Seaboard y Comedores Econ\u00f3micos.<\/p>\n<p>La justa tambi\u00e9n contar\u00e1 con el apoyo y colaboraci\u00f3n de la Comisi\u00f3n Militar y Policial del Ministerio de Obras P\u00fablicas, Sistema 911, Digesset, Politur y Comit\u00e9 Ol\u00edmpico Dominicano.<\/p>\n<p>Los equipos nacionales son: Inteja Cycling Team, Asocisa\/Santiago, San Juan de la Maguana, San Francisco de Macor\u00eds, Team La Romana, Club F\u00e9nix, Verrazano\/Santiago, El Boro Cycling Team, R 2 R Cycling Team y Asocipe\/Moca,<\/p>\n<p>Mientras que, los extranjeros son: CAMA CCD (Guadalupe), Pegasus Texas (USA), Esparza Training (M\u00e9xico), Team JCO (San Martin), Team Medell\u00edn (Colombia), City Bikes Miami (USA), Or\u00edgenes Coffee-HYF (Colombia), Arenas Tlas (M\u00e9xico), Selecci\u00f3n de Puerto Rico, Hino One (Guatemala), Selecci\u00f3n de Curazao, L391ON Los Angeles (USA), Team Madras Cycling (Guadalupe) y la Selecci\u00f3n de Panam\u00e1.<\/p>\n<p><strong>Etapas<\/strong><\/p>\n<p>La primera etapa cubrir\u00e1 117 kil\u00f3metros en la ruta Santo Domingo-San Pedro de Macor\u00eds-La Romana. Todas las salidas est\u00e1n programadas para las 9:00 de la ma\u00f1ana.<\/p>\n<p>El mi\u00e9rcoles 25, la segunda etapa de 153 kil\u00f3metros comprender\u00e1 Santo Domingo-Ban\u00ed, Circunvalaci\u00f3n, Santo Domingo.<\/p>\n<p>El jueves 26 ser\u00e1 la etapa 3: Santo Domingo-Rancho Arriba, San Jos\u00e9 de Ocoa y la distancia ser\u00e1 158 kil\u00f3metros.<\/p>\n<p>El viernes 27 se realizar\u00e1 un circuito cerrado en el Parque Mirador Sur (140kms).<\/p>\n<p>La pen\u00faltima etapa ser\u00e1 Santo Domingo-Circunvalaci\u00f3n Santo Domingo Norte, el s\u00e1bado 28 (138kms).<\/p>\n<p>El giro dominicano concluye el domingo 1 de marzo con un circuito en el \u00e1rea monumental en Santiago.<\/p>\n","protected":false},"excerpt":{"rendered":"<p>SANTO DOMINGO. &#8211; La edici\u00f3n 47 de la Vuelta Cicl\u00edstica Independencia Nacional iniciar\u00e1 el pr\u00f3ximo martes 24 con la participaci\u00f3n de 144 pedalistas de 24 equipos nacionales e internacionales. La m\u00e1xima competencia del ciclismo nacional es un montaje de la Federaci\u00f3n Dominicana de Ciclismo, que preside Jorge Blas D\u00edaz, y el ministro administrativo de la [&hellip;]<\/p>\n","protected":false},"author":13,"featured_media":136385,"comment_status":"closed","ping_status":"closed","sticky":false,"template":"","format":"standard","meta":[],"categories":[3,2,60],"tags":[100555],"acf":[],"_links":{"self":[{"href":"https:\/\/colimdo.org\/wp-api\/wp\/v2\/posts\/136384"}],"collection":[{"href":"https:\/\/colimdo.org\/wp-api\/wp\/v2\/posts"}],"about":[{"href":"https:\/\/colimdo.org\/wp-api\/wp\/v2\/types\/post"}],"author":[{"embeddable":true,"href":"https:\/\/colimdo.org\/wp-api\/wp\/v2\/users\/13"}],"replies":[{"embeddable":true,"href":"https:\/\/colimdo.org\/wp-api\/wp\/v2\/comments?post=136384"}],"version-history":[{"count":1,"href":"https:\/\/colimdo.org\/wp-api\/wp\/v2\/posts\/136384\/revisions"}],"predecessor-version":[{"id":136386,"href":"https:\/\/colimdo.org\/wp-api\/wp\/v2\/posts\/136384\/revisions\/136386"}],"wp:featuredmedia":[{"embeddable":true,"href":"https:\/\/colimdo.org\/wp-api\/wp\/v2\/media\/136385"}],"wp:attachment":[{"href":"https:\/\/colimdo.org\/wp-api\/wp\/v2\/media?parent=136384"}],"wp:term":[{"taxonomy":"category","embeddable":true,"href":"https:\/\/colimdo.org\/wp-api\/wp\/v2\/categories?post=136384"},{"taxonomy":"post_tag","embeddable":true,"href":"https:\/\/colimdo.org\/wp-api\/wp\/v2\/tags?post=136384"}],"curies":[{"name":"wp","href":"https:\/\/api.w.org\/{rel}","templated":true}]}}