{"id":136387,"date":"2026-02-18T02:11:30","date_gmt":"2026-02-18T02:11:30","guid":{"rendered":"https:\/\/colimdo.org\/?p=136387"},"modified":"2026-02-18T02:11:30","modified_gmt":"2026-02-18T02:11:30","slug":"celebran-primer-taller-de-entrenadores-de-baloncesto-3x3","status":"publish","type":"post","link":"https:\/\/colimdo.org\/noticias\/celebran-primer-taller-de-entrenadores-de-baloncesto-3x3\/","title":{"rendered":"Celebran primer taller de entrenadores de baloncesto \u00a03&#215;3"},"content":{"rendered":"<p>Con \u00a0la participaci\u00f3n de decenas de entrenadores \u00a0de las diferentes provincias del pa\u00eds fue celebrado exitosamente el primer taller de entrenadores de baloncesto 3&#215;3 organizado por la Federaci\u00f3n Dominicana de Baloncesto y 3&#215;3 Dom.<\/p>\n<p>El concurrido taller fue efectuado por todo lo alto en el centro de capacitaci\u00f3n del ministerio de deportes con la participaci\u00f3n de connotados entrenadores de las principales provincias de la Rep\u00fablica Dominicana.<\/p>\n<p>Entre los expositores estuvo\u00a0 la destacada juez la francomacorisana Cynthia N\u00fa\u00f1ez quien abord\u00f3 sobre las nuevas reglamentaciones y t\u00e9cnica de arbitraje de este apasionante deporte.<\/p>\n<p>Cynthia, \u00e1rbitro FIBA 3&#215;3, comparti\u00f3 \u00a0su experiencia y visi\u00f3n sobre el reglamento y la toma de decisiones en el juego.<\/p>\n<p>Tambi\u00e9n se dirigi\u00f3 a los decenas de participantes el veterano entrenador de categor\u00eda formativa Jos\u00e9 Cabrera (Tyron).<\/p>\n<p>Una de las exposiciones m\u00e1s interesante\u00a0\u00a0estuvo a cargo de\u00a0Rayner Moquete capit\u00e1n de la selecci\u00f3n nacional 3&#215;3\u00a0 ofreciendo un magistral Master Class enfocado en fundamentos, lectura de juego y toma de decisiones.<\/p>\n<p>El connotado trainer \u00a0y psic\u00f3logo deportivo Albert Alvarez realiz\u00f3 una importante exposici\u00f3n sobre \u00a0la parte de preparaci\u00f3n f\u00edsica en los atletas del 3&#215;3.<\/p>\n<p>El prestigioso t\u00e9cnico Alejandro Bret\u00f3n, coordinador nacional de 3&#215;3, comparti\u00f3 \u00a0su visi\u00f3n sobre la evoluci\u00f3n, exigencia y proyecci\u00f3n internacional del 3&#215;3 dominicano.<\/p>\n<p>La inmortal del deporte dominicano Heyda Joaqu\u00edn Tineo fue reconocida en el marco del taller de entrenadores 3&#215;3 por su compromiso con la formaci\u00f3n deportiva.<\/p>\n<p>La licenciada Elka Jim\u00e9nez presidente del 3&#215;3 DOM conjuntamente con Alejandro Bret\u00f3n estuvieron en la coordinaci\u00f3n del exitoso taller.<\/p>\n","protected":false},"excerpt":{"rendered":"<p>Con \u00a0la participaci\u00f3n de decenas de entrenadores \u00a0de las diferentes provincias del pa\u00eds fue celebrado exitosamente el primer taller de entrenadores de baloncesto 3&#215;3 organizado por la Federaci\u00f3n Dominicana de Baloncesto y 3&#215;3 Dom. El concurrido taller fue efectuado por todo lo alto en el centro de capacitaci\u00f3n del ministerio de deportes con la participaci\u00f3n [&hellip;]<\/p>\n","protected":false},"author":13,"featured_media":136388,"comment_status":"closed","ping_status":"closed","sticky":false,"template":"","format":"standard","meta":[],"categories":[2,4,60],"tags":[24795],"acf":[],"_links":{"self":[{"href":"https:\/\/colimdo.org\/wp-api\/wp\/v2\/posts\/136387"}],"collection":[{"href":"https:\/\/colimdo.org\/wp-api\/wp\/v2\/posts"}],"about":[{"href":"https:\/\/colimdo.org\/wp-api\/wp\/v2\/types\/post"}],"author":[{"embeddable":true,"href":"https:\/\/colimdo.org\/wp-api\/wp\/v2\/users\/13"}],"replies":[{"embeddable":true,"href":"https:\/\/colimdo.org\/wp-api\/wp\/v2\/comments?post=136387"}],"version-history":[{"count":1,"href":"https:\/\/colimdo.org\/wp-api\/wp\/v2\/posts\/136387\/revisions"}],"predecessor-version":[{"id":136389,"href":"https:\/\/colimdo.org\/wp-api\/wp\/v2\/posts\/136387\/revisions\/136389"}],"wp:featuredmedia":[{"embeddable":true,"href":"https:\/\/colimdo.org\/wp-api\/wp\/v2\/media\/136388"}],"wp:attachment":[{"href":"https:\/\/colimdo.org\/wp-api\/wp\/v2\/media?parent=136387"}],"wp:term":[{"taxonomy":"category","embeddable":true,"href":"https:\/\/colimdo.org\/wp-api\/wp\/v2\/categories?post=136387"},{"taxonomy":"post_tag","embeddable":true,"href":"https:\/\/colimdo.org\/wp-api\/wp\/v2\/tags?post=136387"}],"curies":[{"name":"wp","href":"https:\/\/api.w.org\/{rel}","templated":true}]}}