{"id":136431,"date":"2026-02-20T02:41:02","date_gmt":"2026-02-20T02:41:02","guid":{"rendered":"https:\/\/colimdo.org\/?p=136431"},"modified":"2026-02-20T02:41:02","modified_gmt":"2026-02-20T02:41:02","slug":"juan-lagares-auncia-su-retiro-como-jugador-profesional","status":"publish","type":"post","link":"https:\/\/colimdo.org\/noticias\/juan-lagares-auncia-su-retiro-como-jugador-profesional\/","title":{"rendered":"Juan Lagares auncia su retiro como jugador profesional"},"content":{"rendered":"<p>SANTIAGO. \u2014 El estelar jardinero central Juan Lagares anunci\u00f3 oficialmente su retiro del b\u00e9isbol profesional, poniendo fin a una trayectoria ejemplar marcada por la entrega, la disciplina y un impacto trascendental con las \u00c1guilas Cibae\u00f1as en la Liga de B\u00e9isbol Profesional de la Rep\u00fablica Dominicana (LIDOM).<\/p>\n<p>Lagares, reconocido por su defensa \u00e9lite en los jardines, fue durante a\u00f1os una de las piezas m\u00e1s confiables del conjunto aguilucho, destac\u00e1ndose por su alcance, seguridad con el guante y liderazgo silencioso dentro y fuera del terreno. Su presencia en el jard\u00edn central represent\u00f3 garant\u00eda defensiva y juego inteligente, convirti\u00e9ndose en referencia para varias generaciones de peloteros.<\/p>\n<p>M\u00e1s all\u00e1 de los n\u00fameros, su verdadero valor se reflej\u00f3 en su compromiso con el equipo, su profesionalismo y su capacidad de elevar el nivel competitivo del conjunto cibae\u00f1o. Su entrega permanente, disciplina y respeto por el juego lo convirtieron en un s\u00edmbolo de consistencia y orgullo para la fanaticada amarilla.<\/p>\n<p>Uno de los momentos m\u00e1s gloriosos de su carrera lleg\u00f3 en 2021, cuando fue Jugador M\u00e1s Valioso de la Serie Final de LIDOM, guiando a las \u00c1guilas al campeonato, y posteriormente se consagr\u00f3 como MVP de la Serie del Caribe ese mismo a\u00f1o, firmando una actuaci\u00f3n hist\u00f3rica y logrando una distinci\u00f3n \u00fanica para un pelotero dominicano.<\/p>\n<p>Su legado incluye participaciones memorables en postemporada, jugadas defensivas que quedaron en la memoria de los fan\u00e1ticos y el reconocimiento de compa\u00f1eros, t\u00e9cnicos y seguidores, quienes siempre valoraron su dedicaci\u00f3n total al uniforme de las \u00c1guilas.<\/p>\n<p>La organizaci\u00f3n de las \u00c1guilas Cibae\u00f1as resalt\u00f3 su carrera como un ejemplo de identidad, honor y entrega, destacando que Juan Lagares no solo fue un extraordinario jardinero, sino tambi\u00e9n un profesional \u00edntegro que honr\u00f3 el b\u00e9isbol dominicano.<\/p>\n<p>Con su retiro, el b\u00e9isbol dominicano despide a uno de los jardineros defensivos m\u00e1s brillantes de su generaci\u00f3n, mientras su nombre queda grabado en la historia aguilucha como sin\u00f3nimo de esfuerzo, constancia y excelencia.<\/p>\n","protected":false},"excerpt":{"rendered":"<p>SANTIAGO. \u2014 El estelar jardinero central Juan Lagares anunci\u00f3 oficialmente su retiro del b\u00e9isbol profesional, poniendo fin a una trayectoria ejemplar marcada por la entrega, la disciplina y un impacto trascendental con las \u00c1guilas Cibae\u00f1as en la Liga de B\u00e9isbol Profesional de la Rep\u00fablica Dominicana (LIDOM). Lagares, reconocido por su defensa \u00e9lite en los jardines, [&hellip;]<\/p>\n","protected":false},"author":20,"featured_media":136432,"comment_status":"closed","ping_status":"closed","sticky":false,"template":"","format":"standard","meta":[],"categories":[83143,2],"tags":[101146],"acf":[],"_links":{"self":[{"href":"https:\/\/colimdo.org\/wp-api\/wp\/v2\/posts\/136431"}],"collection":[{"href":"https:\/\/colimdo.org\/wp-api\/wp\/v2\/posts"}],"about":[{"href":"https:\/\/colimdo.org\/wp-api\/wp\/v2\/types\/post"}],"author":[{"embeddable":true,"href":"https:\/\/colimdo.org\/wp-api\/wp\/v2\/users\/20"}],"replies":[{"embeddable":true,"href":"https:\/\/colimdo.org\/wp-api\/wp\/v2\/comments?post=136431"}],"version-history":[{"count":1,"href":"https:\/\/colimdo.org\/wp-api\/wp\/v2\/posts\/136431\/revisions"}],"predecessor-version":[{"id":136433,"href":"https:\/\/colimdo.org\/wp-api\/wp\/v2\/posts\/136431\/revisions\/136433"}],"wp:featuredmedia":[{"embeddable":true,"href":"https:\/\/colimdo.org\/wp-api\/wp\/v2\/media\/136432"}],"wp:attachment":[{"href":"https:\/\/colimdo.org\/wp-api\/wp\/v2\/media?parent=136431"}],"wp:term":[{"taxonomy":"category","embeddable":true,"href":"https:\/\/colimdo.org\/wp-api\/wp\/v2\/categories?post=136431"},{"taxonomy":"post_tag","embeddable":true,"href":"https:\/\/colimdo.org\/wp-api\/wp\/v2\/tags?post=136431"}],"curies":[{"name":"wp","href":"https:\/\/api.w.org\/{rel}","templated":true}]}}