{"id":136949,"date":"2026-03-24T18:53:58","date_gmt":"2026-03-24T18:53:58","guid":{"rendered":"https:\/\/colimdo.org\/?p=136949"},"modified":"2026-03-24T18:53:58","modified_gmt":"2026-03-24T18:53:58","slug":"jose-ramon-reyes-escogido-para-el-pabellon-de-la-fama-del-deporte-dominicano","status":"publish","type":"post","link":"https:\/\/colimdo.org\/noticias\/jose-ramon-reyes-escogido-para-el-pabellon-de-la-fama-del-deporte-dominicano\/","title":{"rendered":"Jos\u00e9 Ram\u00f3n Reyes escogido para el Pabell\u00f3n de la Fama del Deporte Dominicano"},"content":{"rendered":"<p class=\"yiv8273229672MsoNormal\"><span lang=\"ES\">El maestro Jos\u00e9 Ram\u00f3n Reyes uni\u00f3 hoy su nombre al de Domingo Saint Hilaire, entre los propulsores que ser\u00e1n exaltados al Pabell\u00f3n de la Fama del Deporte Dominicano en su ceremonial del domingo 15 de noviembre.<\/span><\/p>\n<p class=\"yiv8273229672MsoNormal\"><span lang=\"ES\">\u00a0<\/span><\/p>\n<p class=\"yiv8273229672MsoNormal\"><span lang=\"ES\">Reyes es nombrado entre los precursores de las artes marciales en la Rep\u00fablica Dominicana, inclinando hacia el taekwondo sus pasos por el deporte.<\/span><\/p>\n<p class=\"yiv8273229672MsoNormal\"><span lang=\"ES\">\u00a0<\/span><\/p>\n<p class=\"yiv8273229672MsoNormal\"><span lang=\"ES\">Ser\u00e1 parte del nutrido grupo de deportistas que abrazar\u00e1n la inmortalidad durante la Clase 2026 del Pabell\u00f3n de la Fama, entidad que este a\u00f1o realizar\u00e1 un ceremonial especial para conmemorar sus 60 a\u00f1os de vida institucional.<\/span><\/p>\n<p class=\"yiv8273229672MsoNormal\"><span lang=\"ES\">\u00a0<\/span><\/p>\n<p class=\"yiv8273229672MsoNormal\"><span lang=\"ES\">Dionisio Guzm\u00e1n, presidente del Comit\u00e9 Permanente del Pabell\u00f3n de la Fama, ofreci\u00f3 la informaci\u00f3n relativa a la escogencia de un nuevo propulsor.<\/span><\/p>\n<p class=\"yiv8273229672MsoNormal\"><span lang=\"ES\">\u00a0<\/span><\/p>\n<p class=\"yiv8273229672MsoNormal\"><span lang=\"ES\">Junto con Reyes, a la fecha han sido elegidos, adem\u00e1s, Saint Hilaire y Winston Royal, en baloncesto.<\/span><\/p>\n<p class=\"yiv8273229672MsoNormal\"><span lang=\"ES\">\u00a0<\/span><\/p>\n<p class=\"yiv8273229672MsoNormal\"><span lang=\"ES\">Atleta, dirigente y organizador de eventos, el nuevo elegido fue el responsable de montar, en 1968, el primer torneo nacional de artes marciales.<\/span><\/p>\n<p class=\"yiv8273229672MsoNormal\"><span lang=\"ES\">\u00a0<\/span><\/p>\n<p class=\"yiv8273229672MsoNormal\"><span lang=\"ES\">Se inici\u00f3 en las artes marciales en 1963 en la Universidad de Texas, Estados Unidos, con el Gran Maestro Jhoon Go Rhee, espec\u00edficamente en la modalidad de taekwondo.<\/span><\/p>\n<p class=\"yiv8273229672MsoNormal\"><span lang=\"ES\">\u00a0<\/span><\/p>\n<p class=\"yiv8273229672MsoNormal\"><span lang=\"ES\">Dos a\u00f1os m\u00e1s tarde se gradu\u00f3 con el grado de cintur\u00f3n negro primer dan y en 1966 fund\u00f3 en Santo Domingo, la primera escuela de taekwondo de la Rep\u00fablica Dominicana.<\/span><\/p>\n<p class=\"yiv8273229672MsoNormal\"><span lang=\"ES\">\u00a0<\/span><\/p>\n<p class=\"yiv8273229672MsoNormal\"><span lang=\"ES\">Identificado como Instituto Jhoon Rhee de Taekwondo de Rep\u00fablica Dominicana, la instituci\u00f3n comenz\u00f3 a operar en el club de la Universidad Aut\u00f3noma de Santo Domingo.<\/span><\/p>\n<p class=\"yiv8273229672MsoNormal\"><span lang=\"ES\">\u00a0<\/span><\/p>\n<p class=\"yiv8273229672MsoNormal\"><span lang=\"ES\">Entre 1965 y 1975, el maestro Reyes fue el responsable de crear las condiciones para la apertura de otras escuelas de taekwondo en la capital, sucursales administradas por\u00a0 alumnos cinturones negros graduados\u00a0 del IJR Dominicano.<\/span><\/p>\n<p class=\"yiv8273229672MsoNormal\"><span lang=\"ES\">\u00a0<\/span><\/p>\n<p class=\"yiv8273229672MsoNormal\"><span lang=\"ES\">Adem\u00e1s, facilit\u00f3 la instalaci\u00f3n de escuelas en Puerto Plata, La Romana, La Vega, Bonao, Azua, San Francisco de Macor\u00eds, Santiago y San Pedro de Macor\u00eds, todas supervisadas directamente por Jos\u00e9 Ram\u00f3n.<\/span><\/p>\n<p class=\"yiv8273229672MsoNormal\"><span lang=\"ES\">\u00a0<\/span><\/p>\n<p class=\"yiv8273229672MsoNormal\"><span lang=\"ES\">En 1968 trajo al pa\u00eds a su mentor Jhoon Rhee, junto a las glorias del boxeo y el baloncesto, Mohamed Al\u00ed y Will Chamberlain.<\/span><\/p>\n<p class=\"yiv8273229672MsoNormal\"><span lang=\"ES\">\u00a0<\/span><\/p>\n<p class=\"yiv8273229672MsoNormal\"><span lang=\"ES\">Logr\u00f3 que Rhee aceptar\u00e1 impartir clases y ex\u00e1menes de promoci\u00f3n a los alumnos de la Escuela Central de Taekwondo. as\u00ed como a los del interior del pa\u00eds.<\/span><\/p>\n<p class=\"yiv8273229672MsoNormal\"><span lang=\"ES\">\u00a0<\/span><\/p>\n<p class=\"yiv8273229672MsoNormal\"><span lang=\"ES\">Luego de dos a\u00f1os, para el mes de febrero, propici\u00f3 la venida a la Rep\u00fablica Dominicana del \u00edcono del karate y afamado actor Bruce Lee, quien observ\u00f3 los ex\u00e1menes de grados que se dieron para esa fecha.<\/span><\/p>\n<p class=\"yiv8273229672MsoNormal\"><span lang=\"ES\">\u00a0<\/span><\/p>\n<p class=\"yiv8273229672MsoNormal\"><span lang=\"ES\">Motiv\u00f3 a la leyenda mundial de las artes marciales a realizar exhibiciones de t\u00e9cnicas de pu\u00f1o y pateo, tanto en Santo Domingo, como en la Vega y Santiago.<\/span><\/p>\n<p class=\"yiv8273229672MsoNormal\"><span lang=\"ES\">\u00a0<\/span><\/p>\n<p class=\"yiv8273229672MsoNormal\"><span lang=\"ES\">Otro logro de Reyes fue haber tra\u00eddo al pa\u00eds al general coreano Choi Hong Hi, fundador de la Federaci\u00f3n Internacional de Taekwondo.<\/span><\/p>\n","protected":false},"excerpt":{"rendered":"<p>El maestro Jos\u00e9 Ram\u00f3n Reyes uni\u00f3 hoy su nombre al de Domingo Saint Hilaire, entre los propulsores que ser\u00e1n exaltados al Pabell\u00f3n de la Fama del Deporte Dominicano en su ceremonial del domingo 15 de noviembre. \u00a0 Reyes es nombrado entre los precursores de las artes marciales en la Rep\u00fablica Dominicana, inclinando hacia el taekwondo [&hellip;]<\/p>\n","protected":false},"author":20,"featured_media":136950,"comment_status":"closed","ping_status":"closed","sticky":false,"template":"","format":"standard","meta":[],"categories":[83143,2],"tags":[97753],"acf":[],"_links":{"self":[{"href":"https:\/\/colimdo.org\/wp-api\/wp\/v2\/posts\/136949"}],"collection":[{"href":"https:\/\/colimdo.org\/wp-api\/wp\/v2\/posts"}],"about":[{"href":"https:\/\/colimdo.org\/wp-api\/wp\/v2\/types\/post"}],"author":[{"embeddable":true,"href":"https:\/\/colimdo.org\/wp-api\/wp\/v2\/users\/20"}],"replies":[{"embeddable":true,"href":"https:\/\/colimdo.org\/wp-api\/wp\/v2\/comments?post=136949"}],"version-history":[{"count":1,"href":"https:\/\/colimdo.org\/wp-api\/wp\/v2\/posts\/136949\/revisions"}],"predecessor-version":[{"id":136951,"href":"https:\/\/colimdo.org\/wp-api\/wp\/v2\/posts\/136949\/revisions\/136951"}],"wp:featuredmedia":[{"embeddable":true,"href":"https:\/\/colimdo.org\/wp-api\/wp\/v2\/media\/136950"}],"wp:attachment":[{"href":"https:\/\/colimdo.org\/wp-api\/wp\/v2\/media?parent=136949"}],"wp:term":[{"taxonomy":"category","embeddable":true,"href":"https:\/\/colimdo.org\/wp-api\/wp\/v2\/categories?post=136949"},{"taxonomy":"post_tag","embeddable":true,"href":"https:\/\/colimdo.org\/wp-api\/wp\/v2\/tags?post=136949"}],"curies":[{"name":"wp","href":"https:\/\/api.w.org\/{rel}","templated":true}]}}