{"id":136973,"date":"2026-03-25T13:00:29","date_gmt":"2026-03-25T13:00:29","guid":{"rendered":"https:\/\/colimdo.org\/?p=136973"},"modified":"2026-03-25T18:00:27","modified_gmt":"2026-03-25T18:00:27","slug":"luis-gil-enviado-a-ligas-menores-por-los-yankees","status":"publish","type":"post","link":"https:\/\/colimdo.org\/noticias\/luis-gil-enviado-a-ligas-menores-por-los-yankees\/","title":{"rendered":"Luis Gil, enviado a ligas menores por los Yankees"},"content":{"rendered":"<p>MESA, Arizona \u2013 El cuerpo de pitcheo de los Yankees est\u00e1 listo para el arranque de la temporada, y el derecho dominicano Luis Gil no ser\u00e1 parte de \u00e9l.<\/p>\n<p>El Novato del A\u00f1o de la Liga Americana en el 2024 ya hab\u00eda quedado fuera de la rotaci\u00f3n luego de que los Yankees decidieran comenzar la campa\u00f1a con cuatro abridores. El manager Aaron Boone dijo el martes que Gil iniciar\u00e1 la temporada con Triple-A Scranton\/Wilkes-Barre, en lugar de empezar el a\u00f1o en el bullpen.<\/p>\n<p>Gil, de 27 a\u00f1os, tuvo marca de 2-1 con efectividad de 4.66 y WHIP de 1.29 en 19.2 entradas esta primavera, pero lanz\u00f3 s\u00f3lo 57 episodios la temporada pasada. Boone indic\u00f3 que Gil tendr\u00e1 sesiones de pitcheo en vivo esta semana en la Florida antes de lanzar en Triple-A, con el objetivo final de que se establezca en la rotaci\u00f3n cuando Nueva York necesite a un quinto abridor.<\/p>\n<p>\u201cCreo que estaba un poco molesto al respecto, pero siento que ahora mismo tiene una buena mentalidad\u201d, expres\u00f3 Boone antes del \u00faltimo juego de pretemporada de los Yankees contra los Cachorros en el Sloan Park. \u201cEs un muchacho en el mejor momento f\u00edsico de su carrera y seg\u00fan los n\u00fameros medibles, como las evaluaciones f\u00edsicas que hace el departamento de fuerza y acondicionamiento, est\u00e1 en la mejor forma f\u00edsica en la que ha estado en toda su vida.<\/p>\n<p>\u201cEst\u00e1 m\u00e1s fuerte que nunca, y sentimos que eso se va a ver, con suerte, bas\u00e1ndonos en lo que vimos en su \u00faltima salida\u201d, agreg\u00f3 el capataz.<\/p>\n<p>La noticia no fue una sorpresa para Gil, ya que Boone mencion\u00f3 que se comunicaban regularmente, y la decisi\u00f3n no fue un reflejo de la primavera del lanzador. Por el contrario, el club se ha sentido satisfecho con el progreso del monticular en los campamentos.<\/p>\n<p>Los Yankees esperan ver a Gil construir sobre ese progreso y abrirse camino de regreso a la rotaci\u00f3n abridora, cuando surja esa necesidad.<\/p>\n<p>\u201cEsperamos que est\u00e9 en la rotaci\u00f3n, pero al mismo tiempo, hay muchas personas compitiendo en este momento que se est\u00e1n colocando en la conversaci\u00f3n\u201d, se\u00f1al\u00f3 Boone. \u201cEsa competencia se va a mantener, as\u00ed que es importante que [Gil] contin\u00fae la trayectoria en la que ha estado desde el inicio del campamento\u201d.<\/p>\n","protected":false},"excerpt":{"rendered":"<p>MESA, Arizona \u2013 El cuerpo de pitcheo de los Yankees est\u00e1 listo para el arranque de la temporada, y el derecho dominicano Luis Gil no ser\u00e1 parte de \u00e9l. El Novato del A\u00f1o de la Liga Americana en el 2024 ya hab\u00eda quedado fuera de la rotaci\u00f3n luego de que los Yankees decidieran comenzar la [&hellip;]<\/p>\n","protected":false},"author":20,"featured_media":136974,"comment_status":"closed","ping_status":"closed","sticky":false,"template":"","format":"standard","meta":[],"categories":[79916,2],"tags":[101163],"acf":[],"_links":{"self":[{"href":"https:\/\/colimdo.org\/wp-api\/wp\/v2\/posts\/136973"}],"collection":[{"href":"https:\/\/colimdo.org\/wp-api\/wp\/v2\/posts"}],"about":[{"href":"https:\/\/colimdo.org\/wp-api\/wp\/v2\/types\/post"}],"author":[{"embeddable":true,"href":"https:\/\/colimdo.org\/wp-api\/wp\/v2\/users\/20"}],"replies":[{"embeddable":true,"href":"https:\/\/colimdo.org\/wp-api\/wp\/v2\/comments?post=136973"}],"version-history":[{"count":1,"href":"https:\/\/colimdo.org\/wp-api\/wp\/v2\/posts\/136973\/revisions"}],"predecessor-version":[{"id":136975,"href":"https:\/\/colimdo.org\/wp-api\/wp\/v2\/posts\/136973\/revisions\/136975"}],"wp:featuredmedia":[{"embeddable":true,"href":"https:\/\/colimdo.org\/wp-api\/wp\/v2\/media\/136974"}],"wp:attachment":[{"href":"https:\/\/colimdo.org\/wp-api\/wp\/v2\/media?parent=136973"}],"wp:term":[{"taxonomy":"category","embeddable":true,"href":"https:\/\/colimdo.org\/wp-api\/wp\/v2\/categories?post=136973"},{"taxonomy":"post_tag","embeddable":true,"href":"https:\/\/colimdo.org\/wp-api\/wp\/v2\/tags?post=136973"}],"curies":[{"name":"wp","href":"https:\/\/api.w.org\/{rel}","templated":true}]}}