{"id":137066,"date":"2026-03-30T19:33:32","date_gmt":"2026-03-30T19:33:32","guid":{"rendered":"https:\/\/colimdo.org\/?p=137066"},"modified":"2026-03-30T20:39:31","modified_gmt":"2026-03-30T20:39:31","slug":"deyvinson-de-los-santos-se-convierte-en-el-dominicano-962-en-debutar-en-grandes-ligas","status":"publish","type":"post","link":"https:\/\/colimdo.org\/noticias\/deyvinson-de-los-santos-se-convierte-en-el-dominicano-962-en-debutar-en-grandes-ligas\/","title":{"rendered":"Deyvinson de los Santos se convierte en el dominicano 962 en debutar en Grandes Ligas"},"content":{"rendered":"<p><span style=\"font-weight: 400;\">Tras seis a\u00f1os en ligas menores, el dominicano Deyvinson de los Santos celebr\u00f3 a lo grande su ascenso a las Grandes Ligas.<\/span><\/p>\n<p><span style=\"font-weight: 400;\">El quisqueyano siempre tendr\u00e1 presente la fecha de su debut, luego de conectar un doble en su primer turno al bate.<\/span><\/p>\n<p><span style=\"font-weight: 400;\">\u201c3\/29\/2026, un d\u00eda que nunca olvidar\u00e9\u201d, expres\u00f3 en sus redes sociales tras el encuentro en que los Miami Marlins vencieron 4-3 a los Colorado Rockies, el domingo.<\/span><\/p>\n<p><span style=\"font-weight: 400;\">Al hacer contacto, el debutante pens\u00f3 que ser\u00eda un elevado al jard\u00edn central. Sin embargo, el patrullero no pudo atrapar la pelota tras correr hacia atr\u00e1s y saltar en su intento, permitiendo que la conexi\u00f3n se convirtiera en su primer imparable en las Mayores.<\/span><\/p>\n<p><span style=\"font-weight: 400;\">De los Santos se convirti\u00f3 adem\u00e1s en el dominicano n\u00famero 962 en alcanzar las Grandes Ligas.<\/span><\/p>\n<p><span style=\"font-weight: 400;\">En la parte baja del tercer episodio, al llegar a la segunda base, aplaudi\u00f3 con entusiasmo y luego abri\u00f3 los brazos hacia el cielo en se\u00f1al de gratitud.<\/span><\/p>\n<p><span style=\"font-weight: 400;\">\u201cGracias a ti mi Se\u00f1or, logr\u00e9 mi sue\u00f1o de peque\u00f1ito. Gracias mi Dios, vamos por m\u00e1s\u201d, agreg\u00f3 en su cuenta de Instagram, acompa\u00f1ando la publicaci\u00f3n de un video del batazo.<\/span><\/p>\n<p><span style=\"font-weight: 400;\">En la pasada temporada de la liga dominicana, con los Gigantes del Cibao, conect\u00f3 cinco cuadrangulares y remolc\u00f3 28 carreras en 44 partidos, con l\u00ednea ofensiva de .309\/.365\/.475.<\/span><\/p>\n","protected":false},"excerpt":{"rendered":"<p>Tras seis a\u00f1os en ligas menores, el dominicano Deyvinson de los Santos celebr\u00f3 a lo grande su ascenso a las Grandes Ligas. El quisqueyano siempre tendr\u00e1 presente la fecha de su debut, luego de conectar un doble en su primer turno al bate. \u201c3\/29\/2026, un d\u00eda que nunca olvidar\u00e9\u201d, expres\u00f3 en sus redes sociales tras [&hellip;]<\/p>\n","protected":false},"author":20,"featured_media":137067,"comment_status":"closed","ping_status":"closed","sticky":false,"template":"","format":"standard","meta":[],"categories":[79916,2],"tags":[101171],"acf":[],"_links":{"self":[{"href":"https:\/\/colimdo.org\/wp-api\/wp\/v2\/posts\/137066"}],"collection":[{"href":"https:\/\/colimdo.org\/wp-api\/wp\/v2\/posts"}],"about":[{"href":"https:\/\/colimdo.org\/wp-api\/wp\/v2\/types\/post"}],"author":[{"embeddable":true,"href":"https:\/\/colimdo.org\/wp-api\/wp\/v2\/users\/20"}],"replies":[{"embeddable":true,"href":"https:\/\/colimdo.org\/wp-api\/wp\/v2\/comments?post=137066"}],"version-history":[{"count":1,"href":"https:\/\/colimdo.org\/wp-api\/wp\/v2\/posts\/137066\/revisions"}],"predecessor-version":[{"id":137068,"href":"https:\/\/colimdo.org\/wp-api\/wp\/v2\/posts\/137066\/revisions\/137068"}],"wp:featuredmedia":[{"embeddable":true,"href":"https:\/\/colimdo.org\/wp-api\/wp\/v2\/media\/137067"}],"wp:attachment":[{"href":"https:\/\/colimdo.org\/wp-api\/wp\/v2\/media?parent=137066"}],"wp:term":[{"taxonomy":"category","embeddable":true,"href":"https:\/\/colimdo.org\/wp-api\/wp\/v2\/categories?post=137066"},{"taxonomy":"post_tag","embeddable":true,"href":"https:\/\/colimdo.org\/wp-api\/wp\/v2\/tags?post=137066"}],"curies":[{"name":"wp","href":"https:\/\/api.w.org\/{rel}","templated":true}]}}