{"id":137088,"date":"2026-03-31T19:02:21","date_gmt":"2026-03-31T19:02:21","guid":{"rendered":"https:\/\/colimdo.org\/?p=137088"},"modified":"2026-03-31T19:02:21","modified_gmt":"2026-03-31T19:02:21","slug":"monte-plata-conquista-campeonato-nacional-de-judo-femenino-fundacion-maria-garcia","status":"publish","type":"post","link":"https:\/\/colimdo.org\/noticias\/monte-plata-conquista-campeonato-nacional-de-judo-femenino-fundacion-maria-garcia\/","title":{"rendered":"Monte Plata conquista Campeonato Nacional de Judo Femenino Fundaci\u00f3n Mar\u00eda Garc\u00eda"},"content":{"rendered":"<div class=\"xdj266r x14z9mp xat24cr x1lziwak x1vvkbs x126k92a\">\n<div dir=\"auto\">SANTO DOMINGO, RD.- La delegaci\u00f3n de Monte Plata conquist\u00f3 el domingo el Primer Campeonato Nacional de Judo Femenino de la Fundaci\u00f3n Mar\u00eda Garc\u00eda, el cual se celebr\u00f3 con la participaci\u00f3n de 10 delegaciones en el proyecto Domingo Sabio, en La Ci\u00e9naga.<\/div>\n<\/div>\n<div class=\"x14z9mp xat24cr x1lziwak x1vvkbs xtlvy1s x126k92a\">\n<div dir=\"auto\">Las atletas monteplate\u00f1as alcanzaron 532 puntos para el primer lugar; San Pedro de Macor\u00eds (512), en segundo; en tercero qued\u00f3 la Casa Nacional de Judo, del Distrito Nacional, 340 tantos; en cuarto, la Asociaci\u00f3n de San Juan (323); y quinto, La Vega (201).<\/div>\n<\/div>\n<div class=\"x14z9mp xat24cr x1lziwak x1vvkbs xtlvy1s x126k92a\">\n<div dir=\"auto\">Las medallistas de oro<\/div>\n<div dir=\"auto\">Las ganadoras del oro por Monte Plata fueron Isi Ayala, en 40 kilogramos Infantil B; G\u00e9nesis S\u00e1nchez, en 63 Infantil B; y en Cadetes, Darianny Liriano, Elizabeth Leyba y Jholanlly Figueroa en 57, 63 y 70 kilogramos; y en Senior, Warneliza Moreno, en 57 kgs;<\/div>\n<\/div>\n<div class=\"x14z9mp xat24cr x1lziwak x1vvkbs xtlvy1s x126k92a\">\n<div dir=\"auto\">Por San Pedro de Macor\u00eds ganaron preseas doradas fueron Helen Rodr\u00edguez, en 44 kilos Infantil B; Cecilia Adames, en los 48 kilos Cadete; en Junior, Samantha Josefa, en 57; Luisa Villanueva, en 63; en Senior, Esmeralda Jean, en 48 kilos;<\/div>\n<\/div>\n<div class=\"x14z9mp xat24cr x1lziwak x1vvkbs xtlvy1s x126k92a\">\n<div dir=\"auto\">Por la Casa Nacional de Judo, se pusieron metales dorados las atletas Naomi Puello, en los 36 kilos, y Adel Garo, en 70, ambas en Infantil B; y en Junior, Vivianne G\u00f3mez, 48.<\/div>\n<\/div>\n<div class=\"x14z9mp xat24cr x1lziwak x1vvkbs xtlvy1s x126k92a\">\n<div dir=\"auto\">De San Juan, B\u00e9lgica Mora, en 48 kgs, Nashly Figuereo, en +70, las dos en Infantil B; y en Cadetes, Steisy Cabral, en 40 kgs; Lorenny Garc\u00eda, en 52; y Keily Rodr\u00edguez, en +70.<\/div>\n<\/div>\n<div class=\"x14z9mp xat24cr x1lziwak x1vvkbs xtlvy1s x126k92a\">\n<div dir=\"auto\">De Independencia, Fiorki Novas, oro en 52 kilogramos Junior; por La Vega, metal dorado para Marielin G\u00f3mez en +78 kilos Junior, y en Senior, Victoria Ram\u00edrez, en 78 Senior.<\/div>\n<\/div>\n<div class=\"x14z9mp xat24cr x1lziwak x1vvkbs xtlvy1s x126k92a\">\n<div dir=\"auto\">Las provincias y clubes participantes fueron 10 con Independencia, La Vega, Monte Plata, San Crist\u00f3bal, San Juan, San Pedro de Macor\u00eds, Santo Domingo, club Fundaci\u00f3n Mar\u00eda Garc\u00eda, Naco y club Casa Nacional del Judo.<\/div>\n<\/div>\n","protected":false},"excerpt":{"rendered":"<p>SANTO DOMINGO, RD.- La delegaci\u00f3n de Monte Plata conquist\u00f3 el domingo el Primer Campeonato Nacional de Judo Femenino de la Fundaci\u00f3n Mar\u00eda Garc\u00eda, el cual se celebr\u00f3 con la participaci\u00f3n de 10 delegaciones en el proyecto Domingo Sabio, en La Ci\u00e9naga. Las atletas monteplate\u00f1as alcanzaron 532 puntos para el primer lugar; San Pedro de Macor\u00eds [&hellip;]<\/p>\n","protected":false},"author":13,"featured_media":137089,"comment_status":"closed","ping_status":"closed","sticky":false,"template":"","format":"standard","meta":[],"categories":[83143,2,60],"tags":[101080],"acf":[],"_links":{"self":[{"href":"https:\/\/colimdo.org\/wp-api\/wp\/v2\/posts\/137088"}],"collection":[{"href":"https:\/\/colimdo.org\/wp-api\/wp\/v2\/posts"}],"about":[{"href":"https:\/\/colimdo.org\/wp-api\/wp\/v2\/types\/post"}],"author":[{"embeddable":true,"href":"https:\/\/colimdo.org\/wp-api\/wp\/v2\/users\/13"}],"replies":[{"embeddable":true,"href":"https:\/\/colimdo.org\/wp-api\/wp\/v2\/comments?post=137088"}],"version-history":[{"count":1,"href":"https:\/\/colimdo.org\/wp-api\/wp\/v2\/posts\/137088\/revisions"}],"predecessor-version":[{"id":137090,"href":"https:\/\/colimdo.org\/wp-api\/wp\/v2\/posts\/137088\/revisions\/137090"}],"wp:featuredmedia":[{"embeddable":true,"href":"https:\/\/colimdo.org\/wp-api\/wp\/v2\/media\/137089"}],"wp:attachment":[{"href":"https:\/\/colimdo.org\/wp-api\/wp\/v2\/media?parent=137088"}],"wp:term":[{"taxonomy":"category","embeddable":true,"href":"https:\/\/colimdo.org\/wp-api\/wp\/v2\/categories?post=137088"},{"taxonomy":"post_tag","embeddable":true,"href":"https:\/\/colimdo.org\/wp-api\/wp\/v2\/tags?post=137088"}],"curies":[{"name":"wp","href":"https:\/\/api.w.org\/{rel}","templated":true}]}}