{"id":137094,"date":"2026-04-01T15:58:13","date_gmt":"2026-04-01T15:58:13","guid":{"rendered":"https:\/\/colimdo.org\/?p=137094"},"modified":"2026-04-01T15:58:22","modified_gmt":"2026-04-01T15:58:22","slug":"fedoteme-anuncia-clasificatorio-tenis-de-mesa-jcc-2026-y-campeonato-senior","status":"publish","type":"post","link":"https:\/\/colimdo.org\/noticias\/fedoteme-anuncia-clasificatorio-tenis-de-mesa-jcc-2026-y-campeonato-senior\/","title":{"rendered":"Fedoteme anuncia clasificatorio tenis de mesa JCC 2026 y Campeonato Senior"},"content":{"rendered":"<p>SANTO DOMINGO. La Federaci\u00f3n Dominicana de Tenis de Mesa (Fedoteme) montar\u00e1 el Clasificatorio Centroamericano y del Caribe de esa disciplina y el Campeonato de Mayores en el remodelado Pabell\u00f3n de Tenis de Mesa del Parque del Este con una dedicaci\u00f3n especial a Mag\u00edn D\u00edaz, ministro de Hacienda.<\/p>\n<p>El ingeniero Gary Hern\u00e1ndez, presidente de la Fedoteme, junto a Juan Vila, presidente del comit\u00e9 organizador y titular de la ITTF Am\u00e9ricas, ofrecieron los detalles de los eventos.<\/p>\n<p>Este lunes, desde las 9:30 de la ma\u00f1ana, arrancan las competencias por equipos del clasificatorio para los Juegos Centroamericanos y del Caribe, donde se disputar\u00e1n un total de ocho plazas por equipos y cuatro boletos en individual, tanto en masculino como en femenino.<\/p>\n<p>El clasificatorio ser\u00e1 del 6 al 8, mientras que el Campeonato Centroamericano y del Caribe de Mayores se llevar\u00e1 a cabo del 9 al 15 de abril, en tanto que el torneo del Caribe Juvenil ser\u00e1 del 16 al 23.<\/p>\n<p>\u201cTodo est\u00e1 listo para recibir a las delegaciones y a los m\u00e1s de 245 atletas que vendr\u00e1n a estos torneos\u201d, declar\u00f3 Gary Hern\u00e1ndez.<\/p>\n<p>Mientras, Juan Vila resalt\u00f3 el compromiso que asume la Rep\u00fablica Dominicana para montar tres eventos de tenis de mesa. \u201cEs un gran compromiso, sin\u00f3nimo de liderazgo para nuestro pa\u00eds\u201d, agreg\u00f3.<\/p>\n<p>El certamen reunir\u00e1 a atletas de la regi\u00f3n que competir\u00e1n por obtener el derecho de estar presente en la cita multideportiva que tendr\u00e1 lugar del 24 de julio al 8 de agosto.<\/p>\n<p>Los aspectos t\u00e9cnicos fueron dados a conocer por V\u00edctor Hern\u00e1ndez, quien destac\u00f3 que para el pr\u00f3ximo martes se conocer\u00e1n los pa\u00edses clasificados y que el mi\u00e9rcoles se definir\u00e1n las posiciones.<\/p>\n<p>En el encuentro con la prensa estuvieron adem\u00e1s Andr\u00e9s Lora, director general del evento, as\u00ed como Jos\u00e9 Rosario, tesorero, y Col\u00ed , la mascota de los juegos Santo Domingo 2026.<\/p>\n<p>Concluido el clasificatorio, se dar\u00e1 paso al Campeonato Superior (Senior Shampionship), el cual tiene fecha reservada para realizarse del 9 al 15 de abril en el mismo escenario.<\/p>\n<p>Los campeonatos cuentan con el apoyo de ITTF, ITTF Am\u00e9ricas, Inefi, GPA y Asociados, Fedoteme, Comit\u00e9 Ol\u00edmpico Dominicano, Baldom, Creso, Concateme, RH Mej\u00eda, Santo Domingo 2026, Vive por un Sue\u00f1o, Presidencia de la Rep\u00fablica Dominicana, Federaci\u00f3n Regional del Caribe de Tenis de Mesa (CRTTF).<\/p>\n<p>&nbsp;<\/p>\n<p>&nbsp;<\/p>\n<p>&nbsp;<\/p>\n<p>&nbsp;<\/p>\n<p>&nbsp;<\/p>\n<p>&nbsp;<\/p>\n","protected":false},"excerpt":{"rendered":"<p>SANTO DOMINGO. La Federaci\u00f3n Dominicana de Tenis de Mesa (Fedoteme) montar\u00e1 el Clasificatorio Centroamericano y del Caribe de esa disciplina y el Campeonato de Mayores en el remodelado Pabell\u00f3n de Tenis de Mesa del Parque del Este con una dedicaci\u00f3n especial a Mag\u00edn D\u00edaz, ministro de Hacienda. El ingeniero Gary Hern\u00e1ndez, presidente de la Fedoteme, [&hellip;]<\/p>\n","protected":false},"author":13,"featured_media":137095,"comment_status":"closed","ping_status":"closed","sticky":false,"template":"","format":"standard","meta":[],"categories":[3,2,60],"tags":[80766],"acf":[],"_links":{"self":[{"href":"https:\/\/colimdo.org\/wp-api\/wp\/v2\/posts\/137094"}],"collection":[{"href":"https:\/\/colimdo.org\/wp-api\/wp\/v2\/posts"}],"about":[{"href":"https:\/\/colimdo.org\/wp-api\/wp\/v2\/types\/post"}],"author":[{"embeddable":true,"href":"https:\/\/colimdo.org\/wp-api\/wp\/v2\/users\/13"}],"replies":[{"embeddable":true,"href":"https:\/\/colimdo.org\/wp-api\/wp\/v2\/comments?post=137094"}],"version-history":[{"count":1,"href":"https:\/\/colimdo.org\/wp-api\/wp\/v2\/posts\/137094\/revisions"}],"predecessor-version":[{"id":137096,"href":"https:\/\/colimdo.org\/wp-api\/wp\/v2\/posts\/137094\/revisions\/137096"}],"wp:featuredmedia":[{"embeddable":true,"href":"https:\/\/colimdo.org\/wp-api\/wp\/v2\/media\/137095"}],"wp:attachment":[{"href":"https:\/\/colimdo.org\/wp-api\/wp\/v2\/media?parent=137094"}],"wp:term":[{"taxonomy":"category","embeddable":true,"href":"https:\/\/colimdo.org\/wp-api\/wp\/v2\/categories?post=137094"},{"taxonomy":"post_tag","embeddable":true,"href":"https:\/\/colimdo.org\/wp-api\/wp\/v2\/tags?post=137094"}],"curies":[{"name":"wp","href":"https:\/\/api.w.org\/{rel}","templated":true}]}}