{"id":137571,"date":"2026-04-27T04:09:56","date_gmt":"2026-04-27T04:09:56","guid":{"rendered":"https:\/\/colimdo.org\/?p=137571"},"modified":"2026-04-27T04:09:56","modified_gmt":"2026-04-27T04:09:56","slug":"alejandro-y-soranyi-rodriguez-ganan-duodecima-carrera-carrefour-10k","status":"publish","type":"post","link":"https:\/\/colimdo.org\/noticias\/alejandro-y-soranyi-rodriguez-ganan-duodecima-carrera-carrefour-10k\/","title":{"rendered":"Alejandro y Soranyi Rodr\u00edguez ganan duod\u00e9cima carrera Carrefour 10K\u00a0"},"content":{"rendered":"<p class=\"x_MsoNormal\">Santo Domingo.- Alejandro Manuel Rodr\u00edguez y Soranyi Rodr\u00edguez triunfaron este domingo en la duod\u00e9cima edici\u00f3n de la Carrera Carrefour 10K, evento que reuni\u00f3 a 3,500 corredores en un recorrido que combin\u00f3 desaf\u00edo y belleza urbana por importantes avenidas de Santo Domingo.<\/p>\n<p class=\"x_MsoNormal\">Fue una jornada marcada por la solidaridad hacia las fundaciones FACCI y O\u00edr para Vivir, la emoci\u00f3n competitiva y el respaldo de reconocidas marcas.<\/p>\n<p class=\"x_MsoNormal\">Alejandro domin\u00f3 la categor\u00eda Open Masculina con tiempo de 29 minutos y 43 segundos, seguido por Jilberto Santana (30.14) y Wilde De Mayer (31.53).<\/p>\n<p class=\"x_MsoNormal\">Soranyi domin\u00f3 entre las damas con crono de 35.11. Fue escoltada por Anayelis Ram\u00edrez (36.24) y Leslie Amat \u00c1lvarez (36.26).<\/p>\n<p class=\"x_MsoNormal\">La competencia inici\u00f3 a las 6:00 de la ma\u00f1ana con salida desde Downtown Center, en la avenida N\u00fa\u00f1ez de C\u00e1ceres esquina R\u00f3mulo Betancourt, y culmin\u00f3 en la avenida George Washington, a la altura del reci\u00e9n inaugurado Parque Deportivo Municipal.<\/p>\n<p class=\"x_MsoNormal\">El trayecto de 10 kil\u00f3metros incluy\u00f3 tramos de las avenidas Anacaona y Jim\u00e9nez Moya, antes de descender hacia el malec\u00f3n de Santo Domingo.<\/p>\n<p class=\"x_MsoNormal\">El evento apoy\u00f3 la labor de la Fundaci\u00f3n Amigos contra el C\u00e1ncer Infantil (FACCI), dedicada al acompa\u00f1amiento integral de ni\u00f1os con c\u00e1ncer, y de la Fundaci\u00f3n O\u00edr para Vivir, enfocada en mejorar la calidad de vida de personas con discapacidad auditiva.<\/p>\n<p class=\"x_MsoNormal\">Los corredores participaron tambi\u00e9n en las divisiones por edad (16-19, 20-29, 30-39, 40-49, 50-59, 60-69 y 70 o m\u00e1s a\u00f1os), junto a la categor\u00eda especial para corredores en silla de ruedas.<\/p>\n<p class=\"x_MsoNormal\">La carrera Carrefour 10K fue organizada por Carrefour Dominicana, con la log\u00edstica de Santo Domingo Corre, y cont\u00f3 con el auspicio de reconocidas marcas como Sura, Gatorade, Altice, Banreservas, Nestl\u00e9 y Downtown Center, entre otras.<\/p>\n<p class=\"x_MsoNormal\">El programa de la jornada inici\u00f3 con las palabras de bienvenida de Karine Noetinger, seguidas de un din\u00e1mico calentamiento dirigido por Universal Fitness.<\/p>\n<p class=\"x_MsoNormal\">Uno de los momentos m\u00e1s emotivos fue la entrega simb\u00f3lica de cheques a las fundaciones beneficiadas, acompa\u00f1ada de discursos y presentaciones art\u00edsticas que resaltaron el compromiso social del evento.<\/p>\n<p class=\"x_MsoNormal\">Tambi\u00e9n se realiz\u00f3 un reconocimiento especial al corredor m\u00e1s joven y al de mayor edad, destacando la diversidad y el esp\u00edritu deportivo de la competencia.<\/p>\n<p class=\"x_MsoNormal\">La premiaci\u00f3n de las categor\u00edas masculina y femenina estuvo bajo la conducci\u00f3n de los reconocidos presentadores Brea Frank y Brian Kelton, quienes aportaron energ\u00eda y dinamismo a la celebraci\u00f3n.<\/p>\n<p class=\"x_MsoNormal\">Finalmente, la jornada culmin\u00f3 con la rifa de boletos a\u00e9reos en el Caribe, gracias a la alianza entre Air Century y Carrefour, en un cierre festivo que cont\u00f3 con la participaci\u00f3n de figuras destacadas de la comunicaci\u00f3n.<\/p>\n","protected":false},"excerpt":{"rendered":"<p>Santo Domingo.- Alejandro Manuel Rodr\u00edguez y Soranyi Rodr\u00edguez triunfaron este domingo en la duod\u00e9cima edici\u00f3n de la Carrera Carrefour 10K, evento que reuni\u00f3 a 3,500 corredores en un recorrido que combin\u00f3 desaf\u00edo y belleza urbana por importantes avenidas de Santo Domingo. Fue una jornada marcada por la solidaridad hacia las fundaciones FACCI y O\u00edr para [&hellip;]<\/p>\n","protected":false},"author":13,"featured_media":137572,"comment_status":"closed","ping_status":"closed","sticky":false,"template":"","format":"standard","meta":[],"categories":[83143,2,60],"tags":[81698],"acf":[],"_links":{"self":[{"href":"https:\/\/colimdo.org\/wp-api\/wp\/v2\/posts\/137571"}],"collection":[{"href":"https:\/\/colimdo.org\/wp-api\/wp\/v2\/posts"}],"about":[{"href":"https:\/\/colimdo.org\/wp-api\/wp\/v2\/types\/post"}],"author":[{"embeddable":true,"href":"https:\/\/colimdo.org\/wp-api\/wp\/v2\/users\/13"}],"replies":[{"embeddable":true,"href":"https:\/\/colimdo.org\/wp-api\/wp\/v2\/comments?post=137571"}],"version-history":[{"count":1,"href":"https:\/\/colimdo.org\/wp-api\/wp\/v2\/posts\/137571\/revisions"}],"predecessor-version":[{"id":137573,"href":"https:\/\/colimdo.org\/wp-api\/wp\/v2\/posts\/137571\/revisions\/137573"}],"wp:featuredmedia":[{"embeddable":true,"href":"https:\/\/colimdo.org\/wp-api\/wp\/v2\/media\/137572"}],"wp:attachment":[{"href":"https:\/\/colimdo.org\/wp-api\/wp\/v2\/media?parent=137571"}],"wp:term":[{"taxonomy":"category","embeddable":true,"href":"https:\/\/colimdo.org\/wp-api\/wp\/v2\/categories?post=137571"},{"taxonomy":"post_tag","embeddable":true,"href":"https:\/\/colimdo.org\/wp-api\/wp\/v2\/tags?post=137571"}],"curies":[{"name":"wp","href":"https:\/\/api.w.org\/{rel}","templated":true}]}}