{"id":137612,"date":"2026-04-29T16:35:53","date_gmt":"2026-04-29T16:35:53","guid":{"rendered":"https:\/\/colimdo.org\/?p=137612"},"modified":"2026-04-29T16:43:59","modified_gmt":"2026-04-29T16:43:59","slug":"cod-externa-sus-condolencias-a-rafael-uribe-por-fallecimiento-de-hija","status":"publish","type":"post","link":"https:\/\/colimdo.org\/noticias\/cod-externa-sus-condolencias-a-rafael-uribe-por-fallecimiento-de-hija\/","title":{"rendered":"COD externa sus condolencias a Rafael Uribe por fallecimiento de hija"},"content":{"rendered":"<p><span style=\"font-weight: 400;\">El comit\u00e9 ejecutivo del Comit\u00e9 Ol\u00edmpico Dominicano (COD) expres\u00f3 su pesar por el fallecimiento de Danna Sof\u00eda Uribe, hija del ingeniero Rafael Uribe, presidente de la Federaci\u00f3n Dominicana de Baloncesto (Fedombal).<\/span><\/p>\n<p><span style=\"font-weight: 400;\">La menor, de 12 a\u00f1os, falleci\u00f3 luego de enfrentar durante varios meses complicaciones m\u00e9dicas.<\/span><\/p>\n<p><span style=\"font-weight: 400;\">A trav\u00e9s de una misiva, el COD extendi\u00f3 sus condolencias a Uribe, exvicepresidente del organismo ol\u00edmpico, as\u00ed como a sus familiares y allegados en este dif\u00edcil momento.<\/span><\/p>\n<p>\u201cEs un caso muy duro y lamentable que nuestro amigo Uribe est\u00e9 atravesando por esta situaci\u00f3n. Nuestras condolencias para \u00e9l y sus familiares, y que Dios le conceda las fortalezas necesarias para sobrepasar este momento tan doloroso\u201d, expresa el comunicado.<\/p>\n<p><span style=\"font-weight: 400;\">Diversas entidades y personalidades del movimiento deportivo han comenzado a expresar p\u00fablicamente su solidaridad con el dirigente, en se\u00f1al de acompa\u00f1amiento ante la irreparable p\u00e9rdida.<\/span><\/p>\n","protected":false},"excerpt":{"rendered":"<p>El comit\u00e9 ejecutivo del Comit\u00e9 Ol\u00edmpico Dominicano (COD) expres\u00f3 su pesar por el fallecimiento de Danna Sof\u00eda Uribe, hija del ingeniero Rafael Uribe, presidente de la Federaci\u00f3n Dominicana de Baloncesto (Fedombal). La menor, de 12 a\u00f1os, falleci\u00f3 luego de enfrentar durante varios meses complicaciones m\u00e9dicas. A trav\u00e9s de una misiva, el COD extendi\u00f3 sus condolencias [&hellip;]<\/p>\n","protected":false},"author":20,"featured_media":137613,"comment_status":"closed","ping_status":"closed","sticky":false,"template":"","format":"standard","meta":[],"categories":[2,60],"tags":[79],"acf":[],"_links":{"self":[{"href":"https:\/\/colimdo.org\/wp-api\/wp\/v2\/posts\/137612"}],"collection":[{"href":"https:\/\/colimdo.org\/wp-api\/wp\/v2\/posts"}],"about":[{"href":"https:\/\/colimdo.org\/wp-api\/wp\/v2\/types\/post"}],"author":[{"embeddable":true,"href":"https:\/\/colimdo.org\/wp-api\/wp\/v2\/users\/20"}],"replies":[{"embeddable":true,"href":"https:\/\/colimdo.org\/wp-api\/wp\/v2\/comments?post=137612"}],"version-history":[{"count":3,"href":"https:\/\/colimdo.org\/wp-api\/wp\/v2\/posts\/137612\/revisions"}],"predecessor-version":[{"id":137616,"href":"https:\/\/colimdo.org\/wp-api\/wp\/v2\/posts\/137612\/revisions\/137616"}],"wp:featuredmedia":[{"embeddable":true,"href":"https:\/\/colimdo.org\/wp-api\/wp\/v2\/media\/137613"}],"wp:attachment":[{"href":"https:\/\/colimdo.org\/wp-api\/wp\/v2\/media?parent=137612"}],"wp:term":[{"taxonomy":"category","embeddable":true,"href":"https:\/\/colimdo.org\/wp-api\/wp\/v2\/categories?post=137612"},{"taxonomy":"post_tag","embeddable":true,"href":"https:\/\/colimdo.org\/wp-api\/wp\/v2\/tags?post=137612"}],"curies":[{"name":"wp","href":"https:\/\/api.w.org\/{rel}","templated":true}]}}