{"id":137627,"date":"2026-04-29T19:10:21","date_gmt":"2026-04-29T19:10:21","guid":{"rendered":"https:\/\/colimdo.org\/?p=137627"},"modified":"2026-04-29T19:10:21","modified_gmt":"2026-04-29T19:10:21","slug":"gobernadora-provincia-peravia-afirma-evento-de-vela-impulsara-el-desarrollo-de-salinas","status":"publish","type":"post","link":"https:\/\/colimdo.org\/noticias\/gobernadora-provincia-peravia-afirma-evento-de-vela-impulsara-el-desarrollo-de-salinas\/","title":{"rendered":"Gobernadora provincia Peravia afirma  evento de vela impulsar\u00e1 el desarrollo de Salinas"},"content":{"rendered":"<p style=\"font-weight: 400;\">La celebraci\u00f3n de las competencias de vela de los XXV Juegos Centroamericanos y del Caribe Santo Domingo 2026 en la comunidad de Salinas, provincia Peravia, representa una gran oportunidad para dinamizar el desarrollo econ\u00f3mico, tur\u00edstico y social de la zona.<\/p>\n<p style=\"font-weight: 400;\">As\u00ed lo expres\u00f3 \u00c1ngela Yadira B\u00e1ez, gobernadora de la provincia Peravia, durante un encuentro con la prensa en el que se ofrecieron detalles sobre la organizaci\u00f3n de la cita multideportiva regional.<\/p>\n<p style=\"font-weight: 400;\">\u201cCelebrar los eventos de vela en Salinas no solo nos llenar\u00e1 de orgullo, sino que tambi\u00e9n convertir\u00e1 a nuestra provincia en un punto de referencia para fortalecer su desarrollo\u201d, afirm\u00f3 la funcionaria.<\/p>\n<p style=\"font-weight: 400;\">B\u00e1ez destac\u00f3 que la proyecci\u00f3n internacional que recibir\u00e1 Salinas contribuir\u00e1 a atraer inversionistas y a generar nuevas oportunidades para la comunidad.<\/p>\n<p style=\"font-weight: 400;\">La actividad se realiz\u00f3 este martes al mediod\u00eda en los salones de la Gobernaci\u00f3n Provincial, donde Jos\u00e9 P. Monegro, presidente del Comit\u00e9 Organizador de Santo Domingo 2026, present\u00f3 un informe sobre los avances de los Juegos y resalt\u00f3 la importancia estrat\u00e9gica de haber seleccionado a Salinas como sede de las competencias de vela.<\/p>\n<p style=\"font-weight: 400;\">\u201cLo que ha expresado Monegro nos engrandece\u201d, agreg\u00f3 la gobernadora, al tiempo que valor\u00f3 el impacto positivo que tendr\u00e1 el evento en Ban\u00ed y en los dem\u00e1s municipios de Peravia.<\/p>\n<p style=\"font-weight: 400;\">Asimismo, reiter\u00f3 el potencial de Salinas para el desarrollo de nuevos proyectos vinculados al turismo deportivo y la inversi\u00f3n local. \u201cHay que apoyar esta iniciativa\u201d, manifest\u00f3.<\/p>\n<p style=\"font-weight: 400;\">Durante el encuentro tambi\u00e9n intervino Rosa S\u00e1nchez, alcaldesa del municipio de Sabana Buey, quien garantiz\u00f3 el respaldo total de su administraci\u00f3n a la celebraci\u00f3n de los Juegos.<\/p>\n<p style=\"font-weight: 400;\">Adem\u00e1s de la gobernadora B\u00e1ez, la alcaldesa S\u00e1nchez y Jos\u00e9 P. Monegro, participaron en la actividad Leopoldo Soler, viceministro de Deportes, y Ruddy D\u00edaz, en representaci\u00f3n del senador Julito Fulcar. La conducci\u00f3n del acto estuvo a cargo de Rafael Soto (Kilo).<\/p>\n<p style=\"font-weight: 400;\">\n","protected":false},"excerpt":{"rendered":"<p>La celebraci\u00f3n de las competencias de vela de los XXV Juegos Centroamericanos y del Caribe Santo Domingo 2026 en la comunidad de Salinas, provincia Peravia, representa una gran oportunidad para dinamizar el desarrollo econ\u00f3mico, tur\u00edstico y social de la zona. As\u00ed lo expres\u00f3 \u00c1ngela Yadira B\u00e1ez, gobernadora de la provincia Peravia, durante un encuentro con [&hellip;]<\/p>\n","protected":false},"author":20,"featured_media":137628,"comment_status":"closed","ping_status":"closed","sticky":false,"template":"","format":"standard","meta":[],"categories":[83143,2],"tags":[100869,24423],"acf":[],"_links":{"self":[{"href":"https:\/\/colimdo.org\/wp-api\/wp\/v2\/posts\/137627"}],"collection":[{"href":"https:\/\/colimdo.org\/wp-api\/wp\/v2\/posts"}],"about":[{"href":"https:\/\/colimdo.org\/wp-api\/wp\/v2\/types\/post"}],"author":[{"embeddable":true,"href":"https:\/\/colimdo.org\/wp-api\/wp\/v2\/users\/20"}],"replies":[{"embeddable":true,"href":"https:\/\/colimdo.org\/wp-api\/wp\/v2\/comments?post=137627"}],"version-history":[{"count":1,"href":"https:\/\/colimdo.org\/wp-api\/wp\/v2\/posts\/137627\/revisions"}],"predecessor-version":[{"id":137629,"href":"https:\/\/colimdo.org\/wp-api\/wp\/v2\/posts\/137627\/revisions\/137629"}],"wp:featuredmedia":[{"embeddable":true,"href":"https:\/\/colimdo.org\/wp-api\/wp\/v2\/media\/137628"}],"wp:attachment":[{"href":"https:\/\/colimdo.org\/wp-api\/wp\/v2\/media?parent=137627"}],"wp:term":[{"taxonomy":"category","embeddable":true,"href":"https:\/\/colimdo.org\/wp-api\/wp\/v2\/categories?post=137627"},{"taxonomy":"post_tag","embeddable":true,"href":"https:\/\/colimdo.org\/wp-api\/wp\/v2\/tags?post=137627"}],"curies":[{"name":"wp","href":"https:\/\/api.w.org\/{rel}","templated":true}]}}