{"id":137630,"date":"2026-04-29T19:14:47","date_gmt":"2026-04-29T19:14:47","guid":{"rendered":"https:\/\/colimdo.org\/?p=137630"},"modified":"2026-04-29T19:14:47","modified_gmt":"2026-04-29T19:14:47","slug":"rtvd-sera-el-canal-oficial-de-los-juegos-centroamericanos-y-del-caribe-santo-domingo-2026","status":"publish","type":"post","link":"https:\/\/colimdo.org\/noticias\/rtvd-sera-el-canal-oficial-de-los-juegos-centroamericanos-y-del-caribe-santo-domingo-2026\/","title":{"rendered":"RTVD ser\u00e1 el canal oficial de los Juegos Centroamericanos y del Caribe Santo Domingo 2026"},"content":{"rendered":"<p style=\"font-weight: 400;\">Radio Televisi\u00f3n Dominicana (RTVD) ser\u00e1 el canal oficial de los XV Juegos Centroamericanos y del Caribe Santo Domingo 2026, a celebrarse del 24 de julio al 8 de agosto.<\/p>\n<p style=\"font-weight: 400;\">Jos\u00e9 Monegro, presidente del Comit\u00e9 Organizador de los juegos, y el director general de RTVD, Iv\u00e1n Ruiz, hicieron el anuncio durante un encuentro en el que resaltaron que Rep\u00fablica Dominicana dispondr\u00e1 de una estructura de transmisi\u00f3n sin precedentes para este tipo de evento.<\/p>\n<p style=\"font-weight: 400;\">\u201cPara el Comit\u00e9 Organizador es un gran regocijo poder hacer este anuncio en una alianza con la televisora p\u00fablica\u201d, expres\u00f3 Monegro, quien resalt\u00f3 la transformaci\u00f3n tecnol\u00f3gica que constat\u00f3 posee el canal 4.<\/p>\n<p style=\"font-weight: 400;\">\u00a0La decisi\u00f3n representa un paso estrat\u00e9gico en la organizaci\u00f3n del certamen deportivo, considerado uno de los compromisos regionales m\u00e1s relevantes para este pa\u00eds.<\/p>\n<p style=\"font-weight: 400;\">La alianza entre el Comit\u00e9 Organizador y la corporaci\u00f3n estatal de medios garantizar\u00e1 una cobertura nacional e internacional de alto alcance.<\/p>\n<p style=\"font-weight: 400;\">Durante el anuncio, Monegro y Ruiz destacaron que la selecci\u00f3n de RTVD responde a su capacidad t\u00e9cnica y a su rol como medio p\u00fablico al servicio de la ciudadan\u00eda.<\/p>\n<p style=\"font-weight: 400;\">Informaron que la cobertura total contar\u00e1 con ocho se\u00f1ales simult\u00e1neas, lo que permitir\u00e1 la difusi\u00f3n en vivo de hasta ocho competencias al mismo tiempo, asegurando una experiencia integral para la audiencia.<\/p>\n<p style=\"font-weight: 400;\">Asimismo, la transmisi\u00f3n ser\u00e1 fortalecida con la integraci\u00f3n de otros canales privados, ampliando as\u00ed la capacidad de cobertura y consolidando una plataforma robusta.<\/p>\n<p style=\"font-weight: 400;\">Monegro se\u00f1al\u00f3 que esta alianza constituye un motivo de orgullo nacional y fortalece el v\u00ednculo entre el deporte y los medios p\u00fablicos. Subray\u00f3 que los Juegos Centroamericanos y del Caribe ser\u00e1n una vitrina para exhibir la capacidad organizativa, deportiva y humana de la naci\u00f3n dominicana.<\/p>\n<p style=\"font-weight: 400;\">De su lado, RTVD reafirm\u00f3 su compromiso con una cobertura de excelencia, incorporando no solo la transmisi\u00f3n deportiva, sino tambi\u00e9n contenidos especiales centrados en la historia y el desempe\u00f1o de los atletas dominicanos, con un enfoque humano que aporte valor a la audiencia.<\/p>\n<p style=\"font-weight: 400;\">\u201cNosotros como televisi\u00f3n p\u00fablica nos comprometemos a brindar lo que hacemos cada d\u00eda, la excelencia en estos Juegos Centroamericanos y del Caribe, que son un gran orgullo para Rep\u00fablica Dominicana\u201d, manifest\u00f3 Ruiz.<\/p>\n<p style=\"font-weight: 400;\">Las competencias tambi\u00e9n estar\u00e1n disponibles a trav\u00e9s de plataformas digitales, lo que permitir\u00e1 extender la emoci\u00f3n del evento a la di\u00e1spora dominicana y a seguidores del deporte en distintas partes del mundo.<\/p>\n","protected":false},"excerpt":{"rendered":"<p>Radio Televisi\u00f3n Dominicana (RTVD) ser\u00e1 el canal oficial de los XV Juegos Centroamericanos y del Caribe Santo Domingo 2026, a celebrarse del 24 de julio al 8 de agosto. Jos\u00e9 Monegro, presidente del Comit\u00e9 Organizador de los juegos, y el director general de RTVD, Iv\u00e1n Ruiz, hicieron el anuncio durante un encuentro en el que [&hellip;]<\/p>\n","protected":false},"author":20,"featured_media":137631,"comment_status":"closed","ping_status":"closed","sticky":false,"template":"","format":"standard","meta":[],"categories":[83143,2],"tags":[101187,100274],"acf":[],"_links":{"self":[{"href":"https:\/\/colimdo.org\/wp-api\/wp\/v2\/posts\/137630"}],"collection":[{"href":"https:\/\/colimdo.org\/wp-api\/wp\/v2\/posts"}],"about":[{"href":"https:\/\/colimdo.org\/wp-api\/wp\/v2\/types\/post"}],"author":[{"embeddable":true,"href":"https:\/\/colimdo.org\/wp-api\/wp\/v2\/users\/20"}],"replies":[{"embeddable":true,"href":"https:\/\/colimdo.org\/wp-api\/wp\/v2\/comments?post=137630"}],"version-history":[{"count":1,"href":"https:\/\/colimdo.org\/wp-api\/wp\/v2\/posts\/137630\/revisions"}],"predecessor-version":[{"id":137632,"href":"https:\/\/colimdo.org\/wp-api\/wp\/v2\/posts\/137630\/revisions\/137632"}],"wp:featuredmedia":[{"embeddable":true,"href":"https:\/\/colimdo.org\/wp-api\/wp\/v2\/media\/137631"}],"wp:attachment":[{"href":"https:\/\/colimdo.org\/wp-api\/wp\/v2\/media?parent=137630"}],"wp:term":[{"taxonomy":"category","embeddable":true,"href":"https:\/\/colimdo.org\/wp-api\/wp\/v2\/categories?post=137630"},{"taxonomy":"post_tag","embeddable":true,"href":"https:\/\/colimdo.org\/wp-api\/wp\/v2\/tags?post=137630"}],"curies":[{"name":"wp","href":"https:\/\/api.w.org\/{rel}","templated":true}]}}