{"id":137642,"date":"2026-04-30T09:47:10","date_gmt":"2026-04-30T09:47:10","guid":{"rendered":"https:\/\/colimdo.org\/?p=137642"},"modified":"2026-04-30T09:47:10","modified_gmt":"2026-04-30T09:47:10","slug":"andersson-garcia-jugara-con-los-marinero-de-puerto-plata","status":"publish","type":"post","link":"https:\/\/colimdo.org\/noticias\/andersson-garcia-jugara-con-los-marinero-de-puerto-plata\/","title":{"rendered":"Andersson Garc\u00eda jugar\u00e1 con los Marinero de Puerto Plata"},"content":{"rendered":"<p>El alero dominicano Andersson Garc\u00eda decidi\u00f3 declinar ofertas del baloncesto internacional para integrarse a los Marineros de Puerto Plata de cara a la temporada 2026 de la Liga Nacional de Baloncesto (LNB).<\/p>\n<p>Garc\u00eda, apodado \u201cLa Mamba\u201d, llega al conjunto puertoplate\u00f1o tras un reciente paso por la NBA con el equipo Utah Jazz y su participaci\u00f3n en la G-League con los Capitanes de Ciudad de M\u00e9xico, lo que lo convirti\u00f3 en uno de los agentes libres m\u00e1s cotizados del mercado.<\/p>\n<p>De acuerdo con fuentes cercanas, el nativo de Moca recibi\u00f3 propuestas de ligas en Europa y Venezuela, pero opt\u00f3 por regresar al pa\u00eds con la intenci\u00f3n de competir por el t\u00edtulo.<\/p>\n<p>\u201cQuiero darle a Puerto Plata el campeonato que se merece. Aunque las ofertas internacionales eran tentadoras, mi enfoque est\u00e1 en los Marineros y su fanaticada\u201d, expres\u00f3 el jugador.<\/p>\n<p>Garc\u00eda tambi\u00e9n se\u00f1al\u00f3 que aprovechar\u00e1 al m\u00e1ximo esta etapa en el torneo local, sin perder de vista su objetivo de volver al baloncesto de mayor nivel. \u201cQuiero aprovechar esta oportunidad, porque no s\u00e9 si m\u00e1s adelante podr\u00e9 estar con el equipo. Mi meta sigue siendo regresar a la NBA\u201d, agreg\u00f3.<\/p>\n<p>El alero llega en un momento clave de su carrera, luego de ser reconocido como Novato del A\u00f1o en 2025 en la LNB y de mostrar su impacto defensivo y en el rebote tanto en el \u00e1mbito universitario con Texas A&amp;M Aggies como en el profesional.<\/p>\n<p>La gerencia de los Marineros destac\u00f3 que su incorporaci\u00f3n fortalece las aspiraciones del equipo, que busca posicionarse entre los principales contendientes al t\u00edtulo en la pr\u00f3xima campa\u00f1a.<\/p>\n<p>Con la llegada de Garc\u00eda, el conjunto de Puerto Plata eleva su nivel competitivo y env\u00eda una se\u00f1al clara de sus aspiraciones en la temporada 2026.<\/p>\n","protected":false},"excerpt":{"rendered":"<p>El alero dominicano Andersson Garc\u00eda decidi\u00f3 declinar ofertas del baloncesto internacional para integrarse a los Marineros de Puerto Plata de cara a la temporada 2026 de la Liga Nacional de Baloncesto (LNB). Garc\u00eda, apodado \u201cLa Mamba\u201d, llega al conjunto puertoplate\u00f1o tras un reciente paso por la NBA con el equipo Utah Jazz y su participaci\u00f3n [&hellip;]<\/p>\n","protected":false},"author":20,"featured_media":137643,"comment_status":"closed","ping_status":"closed","sticky":false,"template":"","format":"standard","meta":[],"categories":[83143,2],"tags":[101188,101010],"acf":[],"_links":{"self":[{"href":"https:\/\/colimdo.org\/wp-api\/wp\/v2\/posts\/137642"}],"collection":[{"href":"https:\/\/colimdo.org\/wp-api\/wp\/v2\/posts"}],"about":[{"href":"https:\/\/colimdo.org\/wp-api\/wp\/v2\/types\/post"}],"author":[{"embeddable":true,"href":"https:\/\/colimdo.org\/wp-api\/wp\/v2\/users\/20"}],"replies":[{"embeddable":true,"href":"https:\/\/colimdo.org\/wp-api\/wp\/v2\/comments?post=137642"}],"version-history":[{"count":1,"href":"https:\/\/colimdo.org\/wp-api\/wp\/v2\/posts\/137642\/revisions"}],"predecessor-version":[{"id":137644,"href":"https:\/\/colimdo.org\/wp-api\/wp\/v2\/posts\/137642\/revisions\/137644"}],"wp:featuredmedia":[{"embeddable":true,"href":"https:\/\/colimdo.org\/wp-api\/wp\/v2\/media\/137643"}],"wp:attachment":[{"href":"https:\/\/colimdo.org\/wp-api\/wp\/v2\/media?parent=137642"}],"wp:term":[{"taxonomy":"category","embeddable":true,"href":"https:\/\/colimdo.org\/wp-api\/wp\/v2\/categories?post=137642"},{"taxonomy":"post_tag","embeddable":true,"href":"https:\/\/colimdo.org\/wp-api\/wp\/v2\/tags?post=137642"}],"curies":[{"name":"wp","href":"https:\/\/api.w.org\/{rel}","templated":true}]}}