{"id":137648,"date":"2026-04-30T18:15:59","date_gmt":"2026-04-30T18:15:59","guid":{"rendered":"https:\/\/colimdo.org\/?p=137648"},"modified":"2026-04-30T18:15:59","modified_gmt":"2026-04-30T18:15:59","slug":"ajedrez-asistira-a-xv-campeonato-panamericano-en-el-salvador","status":"publish","type":"post","link":"https:\/\/colimdo.org\/noticias\/ajedrez-asistira-a-xv-campeonato-panamericano-en-el-salvador\/","title":{"rendered":"Ajedrez asistir\u00e1 a XV campeonato Panamericano en El Salvador"},"content":{"rendered":"<div class=\"aVla3\">\n<div class=\"BS0OK\" aria-expanded=\"true\">\n<div class=\"fui-FluentProvider fui-FluentProviderro7 ___5n94it0 f19n0e5 f3rmtva fgusgyc fk6fouc fkhj508 figsok6 fytdu2e\" dir=\"ltr\">\n<div class=\"wide-content-host\">\n<div id=\"focused\" class=\"SlLx9 WWy1F byzS1 WWy1F\" tabindex=\"-1\" aria-label=\"Mensaje de correo electr\u00f3nico\">\n<div data-test-id=\"mailMessageBodyContainer\">\n<div class=\"XbIp4 jmmB7 customScrollBar GNqVo allowTextSelection\">\n<div id=\"UniqueMessageBody_4\" class=\"OuGoX BIZfh\" tabindex=\"0\" role=\"document\" aria-label=\"Cuerpo del mensaje\" aria-live=\"polite\" aria-atomic=\"false\">\n<div dir=\"ltr\">\n<div dir=\"ltr\">\n<div>\n<p>SANTO DOMINGO. La Federaci\u00f3n Dominicana de Ajedrez (FDA) anunci\u00f3 formalmente la participaci\u00f3n de una delegaci\u00f3n de seis atletas escolares de alto rendimiento en el\u00a0XV Campeonato Panamericano de Ajedrez (U7-U17), que se celebrar\u00e1 en Sonsonate, El Salvador, del\u00a011 al 18 de mayo de 2026.<\/p>\n<p>Este importante compromiso internacional cuenta con el respaldo decidido del gobierno del presidente\u00a0Luis Abinader, a trav\u00e9s de una s\u00f3lida coordinaci\u00f3n interinstitucional entre el Ministerio de Educaci\u00f3n (MINERD), el Instituto Nacional de Educaci\u00f3n F\u00edsica (INEFI), el Ministerio de Deportes (MIDEREC), el Ministerio de Salud P\u00fablica, el Ministerio de Interior y Polic\u00eda, el\u00a0FEDA y el Comit\u00e9 Ol\u00edmpico Dominicano\u00a0(COD).<\/p>\n<p>Una Delegaci\u00f3n de Campeones, los atletas seleccionados vienen de cosechar importantes \u00e9xitos en el pasado Campeonato Centroamericano y del Caribe de Ajedrez Escolar (Punta Cana, octubre 2025) y representar\u00e1n con orgullo los colores patrios:<\/p>\n<p>Esther Ram\u00edrez Tavera\u00a0\u2013 Colegio Centro Educativo Las Am\u00e9ricas (CELA).<\/p>\n<p>\u00c1ngel Sebasti\u00e1n Lara\u00a0\u2013 Colegio San P\u00edo X (Santo Domingo).<\/p>\n<p>Jennisis Rafelina Santos del Orbe\u00a0\u2013 Polit\u00e9cnico Vicente Aquilino Santos (S.F.M.).<\/p>\n<p>Rose Ag\u00fcero\u00a0\u2013 Colegio Nuestra Se\u00f1ora del Sagrado Coraz\u00f3n (La Romana).<\/p>\n<p>Crystal Castillo Henr\u00edquez\u00a0\u2013 New Horizons (Santiago).<\/p>\n<p>Fraimy Morel Reyes\u00a0\u2013 Colegio Fe y Alegr\u00eda (Villa Mella).<\/p>\n<p>La delegaci\u00f3n dominicana estar\u00e1 encabezada por Benjam\u00edn Henr\u00edquez Trinidad, quien fungir\u00e1 como delegado Oficial. Le acompa\u00f1ar\u00e1n en la direcci\u00f3n t\u00e9cnica y mentor\u00eda el Maestro Braulio Ram\u00edrez Docente del INEFI y Administrador General de la Federaci\u00f3n Dominicana de Ajedrez y Nobel del Rosario presidente de la Asociaci\u00f3n de Ajedrez de la Romana, asegurando que los j\u00f3venes cuenten con el soporte necesario para alcanzar el podio panamericano.<\/p>\n<p>El Lic. Braulio Ram\u00edrez destac\u00f3 que, para la Federaci\u00f3n, es un orgullo trabajar de la mano con el Gobierno Dominicano.\u00a0&#8220;Estamos impulsando el ajedrez no solo como un deporte de alta competici\u00f3n, sino como una herramienta vital de transformaci\u00f3n social y desarrollo cognitivo para nuestras futuras generaciones&#8221;\u00a0se\u00f1al\u00f3 Ram\u00edrez.<\/p>\n<p>El evento internacional se regir\u00e1 bajo las normativas de la Confederaci\u00f3n de Ajedrez para Am\u00e9rica (CCA) y la FIDE, reuniendo a los mejores talentos j\u00f3venes de todo el continente.<\/p>\n<p>&nbsp;<\/p>\n<\/div>\n<div><b>\u00a0<\/b><\/div>\n<\/div>\n<\/div>\n<\/div>\n<\/div>\n<\/div>\n<\/div>\n<\/div>\n<\/div>\n<\/div>\n<\/div>\n","protected":false},"excerpt":{"rendered":"<p>SANTO DOMINGO. La Federaci\u00f3n Dominicana de Ajedrez (FDA) anunci\u00f3 formalmente la participaci\u00f3n de una delegaci\u00f3n de seis atletas escolares de alto rendimiento en el\u00a0XV Campeonato Panamericano de Ajedrez (U7-U17), que se celebrar\u00e1 en Sonsonate, El Salvador, del\u00a011 al 18 de mayo de 2026. Este importante compromiso internacional cuenta con el respaldo decidido del gobierno del [&hellip;]<\/p>\n","protected":false},"author":13,"featured_media":137650,"comment_status":"closed","ping_status":"closed","sticky":false,"template":"","format":"standard","meta":[],"categories":[3,2,60],"tags":[94484],"acf":[],"_links":{"self":[{"href":"https:\/\/colimdo.org\/wp-api\/wp\/v2\/posts\/137648"}],"collection":[{"href":"https:\/\/colimdo.org\/wp-api\/wp\/v2\/posts"}],"about":[{"href":"https:\/\/colimdo.org\/wp-api\/wp\/v2\/types\/post"}],"author":[{"embeddable":true,"href":"https:\/\/colimdo.org\/wp-api\/wp\/v2\/users\/13"}],"replies":[{"embeddable":true,"href":"https:\/\/colimdo.org\/wp-api\/wp\/v2\/comments?post=137648"}],"version-history":[{"count":1,"href":"https:\/\/colimdo.org\/wp-api\/wp\/v2\/posts\/137648\/revisions"}],"predecessor-version":[{"id":137651,"href":"https:\/\/colimdo.org\/wp-api\/wp\/v2\/posts\/137648\/revisions\/137651"}],"wp:featuredmedia":[{"embeddable":true,"href":"https:\/\/colimdo.org\/wp-api\/wp\/v2\/media\/137650"}],"wp:attachment":[{"href":"https:\/\/colimdo.org\/wp-api\/wp\/v2\/media?parent=137648"}],"wp:term":[{"taxonomy":"category","embeddable":true,"href":"https:\/\/colimdo.org\/wp-api\/wp\/v2\/categories?post=137648"},{"taxonomy":"post_tag","embeddable":true,"href":"https:\/\/colimdo.org\/wp-api\/wp\/v2\/tags?post=137648"}],"curies":[{"name":"wp","href":"https:\/\/api.w.org\/{rel}","templated":true}]}}