{"id":137662,"date":"2026-05-01T09:49:10","date_gmt":"2026-05-01T09:49:10","guid":{"rendered":"https:\/\/colimdo.org\/?p=137662"},"modified":"2026-05-01T09:49:10","modified_gmt":"2026-05-01T09:49:10","slug":"antorcha-de-los-xxv-juegos-centroamericanos-y-del-caribe-iniciara-recorrido-en-rd-el-8-de-mayo","status":"publish","type":"post","link":"https:\/\/colimdo.org\/noticias\/antorcha-de-los-xxv-juegos-centroamericanos-y-del-caribe-iniciara-recorrido-en-rd-el-8-de-mayo\/","title":{"rendered":"Antorcha de los XXV Juegos Centroamericanos y del Caribe iniciar\u00e1 recorrido en RD el 8 de mayo"},"content":{"rendered":"<p style=\"font-weight: 400;\">El recorrido de la antorcha de los XXV Juegos Centroamericanos y del Caribe Santo Domingo 2026 se iniciar\u00e1 este viernes 8 de mayo en la provincia de Pedernales, desde donde comenzar\u00e1 a transitar por todas las provincias de la regi\u00f3n sur del pa\u00eds, marcando el inicio de uno de los momentos m\u00e1s simb\u00f3licos de esta cita deportiva regional.<\/p>\n<p style=\"font-weight: 400;\">El trayecto ha sido dedicado al destacado propulsor del olimpismo en la Rep\u00fablica Dominicana, Wiche Garc\u00eda Saleta, y llevar\u00e1 por nombre \u201cRuta Wiche Garc\u00eda Saleta: la llama de los valores\u201d, en reconocimiento a su legado y a su contribuci\u00f3n al desarrollo del deporte nacional.<\/p>\n<p style=\"font-weight: 400;\">El anuncio lo hizo el presidente del Comit\u00e9 Organizador, Jos\u00e9 P. Monegro, durante un encuentro con la prensa deportiva del Cibao celebrada en Santiago.<\/p>\n<p style=\"font-weight: 400;\">La iniciativa busca dotar de contenido al recorrido de la antorcha, convirti\u00e9ndolo en un espacio para promover principios fundamentales que trascienden el \u00e1mbito deportivo. En ese sentido, el Comit\u00e9 Organizador ha definido como ejes de esta ruta los valores de la honradez, la disciplina, la solidaridad y la perseverancia, los cuales ser\u00e1n promovidos a lo largo del trayecto en cada comunidad visitada.<\/p>\n<p style=\"font-weight: 400;\">El encendido del fuego centroamericano tuvo lugar el pasado 11 de abril en la ciudad de Teotihuac\u00e1n, M\u00e9xico, en una vistosa ceremonia que reafirm\u00f3 el car\u00e1cter hist\u00f3rico y simb\u00f3lico de la llama, heredera de la tradici\u00f3n del \u201cfuego nuevo\u201d mesoamericano.<\/p>\n<p style=\"font-weight: 400;\">Previo al inicio de su recorrido en territorio dominicano, la antorcha ser\u00e1 recibida oficialmente este mi\u00e9rcoles 6 de mayo en horas de la tarde en el Palacio Nacional por el presidente de la Rep\u00fablica, Luis Abinader, en un acto que marcar\u00e1 su entrada formal al pa\u00eds.<\/p>\n<p style=\"font-weight: 400;\">A partir de Pedernales, la llama recorrer\u00e1 distintas provincias llevando consigo el esp\u00edritu de integraci\u00f3n, identidad y compromiso que caracteriza a los Juegos Centroamericanos y del Caribe, en una ruta que busca involucrar a toda la poblaci\u00f3n y fortalecer el v\u00ednculo entre el deporte y los valores ciudadanos.<\/p>\n<p style=\"font-weight: 400;\">Los XXV Juegos Centroamericanos y del Caribe Santo Domingo 2026 se celebrar\u00e1n del 24 de julio al 8 de agosto, reuniendo a unos 6,200 atletas provenientes de los 37 pa\u00edses miembros de Centro Caribe Sport que competir\u00e1n en 53 disciplina de 40 deportes.<\/p>\n","protected":false},"excerpt":{"rendered":"<p>El recorrido de la antorcha de los XXV Juegos Centroamericanos y del Caribe Santo Domingo 2026 se iniciar\u00e1 este viernes 8 de mayo en la provincia de Pedernales, desde donde comenzar\u00e1 a transitar por todas las provincias de la regi\u00f3n sur del pa\u00eds, marcando el inicio de uno de los momentos m\u00e1s simb\u00f3licos de esta [&hellip;]<\/p>\n","protected":false},"author":20,"featured_media":137663,"comment_status":"closed","ping_status":"closed","sticky":false,"template":"","format":"standard","meta":[],"categories":[2,60],"tags":[100869],"acf":[],"_links":{"self":[{"href":"https:\/\/colimdo.org\/wp-api\/wp\/v2\/posts\/137662"}],"collection":[{"href":"https:\/\/colimdo.org\/wp-api\/wp\/v2\/posts"}],"about":[{"href":"https:\/\/colimdo.org\/wp-api\/wp\/v2\/types\/post"}],"author":[{"embeddable":true,"href":"https:\/\/colimdo.org\/wp-api\/wp\/v2\/users\/20"}],"replies":[{"embeddable":true,"href":"https:\/\/colimdo.org\/wp-api\/wp\/v2\/comments?post=137662"}],"version-history":[{"count":1,"href":"https:\/\/colimdo.org\/wp-api\/wp\/v2\/posts\/137662\/revisions"}],"predecessor-version":[{"id":137664,"href":"https:\/\/colimdo.org\/wp-api\/wp\/v2\/posts\/137662\/revisions\/137664"}],"wp:featuredmedia":[{"embeddable":true,"href":"https:\/\/colimdo.org\/wp-api\/wp\/v2\/media\/137663"}],"wp:attachment":[{"href":"https:\/\/colimdo.org\/wp-api\/wp\/v2\/media?parent=137662"}],"wp:term":[{"taxonomy":"category","embeddable":true,"href":"https:\/\/colimdo.org\/wp-api\/wp\/v2\/categories?post=137662"},{"taxonomy":"post_tag","embeddable":true,"href":"https:\/\/colimdo.org\/wp-api\/wp\/v2\/tags?post=137662"}],"curies":[{"name":"wp","href":"https:\/\/api.w.org\/{rel}","templated":true}]}}