{"id":137668,"date":"2026-05-01T10:03:24","date_gmt":"2026-05-01T10:03:24","guid":{"rendered":"https:\/\/colimdo.org\/?p=137668"},"modified":"2026-05-01T10:03:24","modified_gmt":"2026-05-01T10:03:24","slug":"el-japones-kei-nishikori-anuncia-su-retiro-como-tenista-profesional","status":"publish","type":"post","link":"https:\/\/colimdo.org\/noticias\/el-japones-kei-nishikori-anuncia-su-retiro-como-tenista-profesional\/","title":{"rendered":"El japon\u00e9s Kei Nishikori anuncia su retiro como tenista profesional"},"content":{"rendered":"<p class=\"mb-4 text-lg md:leading-8 break-words\">EFE.- El tenista nip\u00f3n Kei Nishikori, ex n\u00famero 4 del mundo, anunci\u00f3 este viernes que se retirar\u00e1 a final de esta temporada, despu\u00e9s de que las lesiones de los \u00faltimos a\u00f1os le obligaran a perderse algunas competiciones, como el Abierto de Australia que se celebr\u00f3 en enero.<\/p>\n<p class=\"mb-4 text-lg md:leading-8 break-words\">&#8220;Echando la vista atr\u00e1s a todo lo vivido hasta ahora, puedo decir con orgullo que lo he dado todo. Estoy realmente feliz de haber recorrido este camino. Disfrutar\u00e9 cada momento de los partidos que quedan y luchar\u00e9 hasta el final&#8221;, dijo el deportista en un comunicado publicado en sus redes sociales.<\/p>\n<p class=\"mb-4 text-lg md:leading-8 break-words\">En su mensaje, expres\u00f3 que el apoyo de la gente &#8220;tanto en la victoria como en la derrota&#8221; fue &#8220;insustituible&#8221;, si bien &#8220;tambi\u00e9n hubo momentos&#8221; en los que se sinti\u00f3 &#8220;abrumado por la frustraci\u00f3n y la ansiedad&#8221; debido a las repetidas lesiones que le impidieron jugar &#8220;como quer\u00eda&#8221;.<\/p>\n<p>&#8220;A\u00fan as\u00ed, mi amor por el tenis y mi creencia de que podr\u00eda convertirme en un jugador m\u00e1s fuerte siempre me tra\u00eda de vuelta a la pista. Siento que todas estas experiencias han enriquecido y dado forma a mi vida. (&#8230;) Para ser honesto, todav\u00eda desear\u00eda poder continuar mi carrera profesional&#8221;, manifest\u00f3.<\/p>\n<p class=\"mb-4 text-lg md:leading-8 break-words\">Con todo, remarc\u00f3 que desde que era ni\u00f1o le apasion\u00f3 el tenis y persigui\u00f3 este sue\u00f1o con el objetivo de competir en el escenario mundial: &#8220;Llegar al ATP Tour, jugar al m\u00e1s alto nivel y mantenerme en el top 10 es algo de lo que estoy extremadamente orgulloso&#8221;, a\u00f1adi\u00f3.<\/p>\n<p class=\"mb-4 text-lg md:leading-8 break-words\">El tenista, de 36 a\u00f1os, hab\u00eda negado a principios de abril los rumores que apuntaban a una retirada del Sarasota Open, alegando que &#8220;ah\u00ed afuera hay mucha informaci\u00f3n falsa&#8221;, pero adelant\u00f3 que har\u00eda una actualizaci\u00f3n sobre este tema &#8220;en el futuro pr\u00f3ximo&#8221;.<\/p>\n<p class=\"mb-4 text-lg md:leading-8 break-words\">Nishikori, que debut\u00f3 como profesional en 2007, se convirti\u00f3 en el primer jugador japon\u00e9s en llegar a la final de un torneo de Grand Slam en el US Open de 2014.<\/p>\n<p class=\"mb-4 text-lg md:leading-8 break-words\">En 2015, alcanz\u00f3 el cuarto puesto de la clasificaci\u00f3n mundial, y en 2016 gan\u00f3 la medalla de bronce en la modalidad individual masculina de los Juegos Ol\u00edmpicos de R\u00edo de Janeiro.<\/p>\n<p class=\"mb-4 text-lg md:leading-8 break-words\">A principios de este a\u00f1o, se perdi\u00f3 el Abierto de Australia por un dolor en el hombro derecho, y en 2025 tampoco particip\u00f3 en el Abierto de Estados Unidos por problemas en la espalda.<\/p>\n<p>&nbsp;<\/p>\n","protected":false},"excerpt":{"rendered":"<p>EFE.- El tenista nip\u00f3n Kei Nishikori, ex n\u00famero 4 del mundo, anunci\u00f3 este viernes que se retirar\u00e1 a final de esta temporada, despu\u00e9s de que las lesiones de los \u00faltimos a\u00f1os le obligaran a perderse algunas competiciones, como el Abierto de Australia que se celebr\u00f3 en enero. &#8220;Echando la vista atr\u00e1s a todo lo vivido [&hellip;]<\/p>\n","protected":false},"author":20,"featured_media":137669,"comment_status":"closed","ping_status":"closed","sticky":false,"template":"","format":"standard","meta":[],"categories":[5,2],"tags":[101189,83009,76],"acf":[],"_links":{"self":[{"href":"https:\/\/colimdo.org\/wp-api\/wp\/v2\/posts\/137668"}],"collection":[{"href":"https:\/\/colimdo.org\/wp-api\/wp\/v2\/posts"}],"about":[{"href":"https:\/\/colimdo.org\/wp-api\/wp\/v2\/types\/post"}],"author":[{"embeddable":true,"href":"https:\/\/colimdo.org\/wp-api\/wp\/v2\/users\/20"}],"replies":[{"embeddable":true,"href":"https:\/\/colimdo.org\/wp-api\/wp\/v2\/comments?post=137668"}],"version-history":[{"count":1,"href":"https:\/\/colimdo.org\/wp-api\/wp\/v2\/posts\/137668\/revisions"}],"predecessor-version":[{"id":137670,"href":"https:\/\/colimdo.org\/wp-api\/wp\/v2\/posts\/137668\/revisions\/137670"}],"wp:featuredmedia":[{"embeddable":true,"href":"https:\/\/colimdo.org\/wp-api\/wp\/v2\/media\/137669"}],"wp:attachment":[{"href":"https:\/\/colimdo.org\/wp-api\/wp\/v2\/media?parent=137668"}],"wp:term":[{"taxonomy":"category","embeddable":true,"href":"https:\/\/colimdo.org\/wp-api\/wp\/v2\/categories?post=137668"},{"taxonomy":"post_tag","embeddable":true,"href":"https:\/\/colimdo.org\/wp-api\/wp\/v2\/tags?post=137668"}],"curies":[{"name":"wp","href":"https:\/\/api.w.org\/{rel}","templated":true}]}}