{"id":137674,"date":"2026-05-01T18:07:20","date_gmt":"2026-05-01T18:07:20","guid":{"rendered":"https:\/\/colimdo.org\/?p=137674"},"modified":"2026-05-01T18:07:20","modified_gmt":"2026-05-01T18:07:20","slug":"michael-ramirez-y-kenny-de-leon-protagonizaran-un-combate-de-invictos","status":"publish","type":"post","link":"https:\/\/colimdo.org\/noticias\/michael-ramirez-y-kenny-de-leon-protagonizaran-un-combate-de-invictos\/","title":{"rendered":"Michael Ram\u00edrez y Kenny De Le\u00f3n protagonizar\u00e1n un combate de invictos"},"content":{"rendered":"<p>Los boxeadores dominicanos Michael \u201cLa Fiera\u201d Ram\u00edrez y Kenny \u201cChoco\u201d De Le\u00f3n se declararon listos para el combate que protagonizar\u00e1n el s\u00e1bado 9 de este mes en el Coliseo de Boxeo Carlos \u201cTeo\u201d Cruz.<\/p>\n<p>Ambos prospectos han desarrollado sus carreras sin mayores traumas, derrotando a todos sus rivales, para conservar r\u00e9cords inmaculados, en los que la palabra \u201cderrota\u201d no existe.<\/p>\n<p>Sin embargo, para uno de los dos el r\u00e9cord invicto desaparecer\u00e1 cuando se enfrenten el nueve de este mes en el marco de una cartelera internacional organizada por las empresas Shuan Boxing Promotion &amp; Biyu Promotion, al menos se produzca un empate.<\/p>\n<p>\u201cLa Fiera\u201d Ram\u00edrez, quien presenta foja de 23-0, con 17 triunfos por la v\u00eda del nocaut, ha prometido terminar la pelea antes del d\u00e9cimo asalto, distancia a la que ha sido pactado el enfrentamiento.<\/p>\n<p>\u201cEl Choco\u201d De Le\u00f3n tambi\u00e9n tiene la seguridad de que el pleito se definir\u00e1 por nocaut, pero con un resultado diferente al que espera y desea su rival.<\/p>\n<p>\u201cLa Fiera Ram\u00edrez ser\u00e1 una v\u00edctima m\u00e1s en mi carrera como boxeador profesional\u201d, plante\u00f3 De Le\u00f3n.<\/p>\n<p>Sin embargo, Ram\u00edrez se mostr\u00f3 confiado con su preparaci\u00f3n y no dud\u00f3 en reiterar su contundente pron\u00f3stico de cara al esperado combate.<\/p>\n<p>\u201cConozco a mi rival, s\u00e9 lo que trae, pero tengo la veteran\u00eda, la fuerza y el empuje para noquearlo. Esta pelea no pasar\u00e1 del tercer asalto\u201d, afirm\u00f3 con determinaci\u00f3n \u201cLa Fiera\u201d Ram\u00edrez.<\/p>\n<p>El combate forma parte de una gran cartelera que reunir\u00e1 destacados talentos nacionales e internacionales en una noche que promete emociones de principio a fin y mantener al p\u00fablico al filo de sus asientos.<\/p>\n<p>La promotora B\u00e9lgica Pe\u00f1a calific\u00f3 este enfrentamiento como uno de los m\u00e1s electrizantes de la velada, donde Feudri Franco y el mexicano Mauro Perales ocupan el turno estelar de la noche, exhortando a los fan\u00e1ticos del boxeo a darse cita y ser testigos de duelos que podr\u00edan robarse todo el espect\u00e1culo.<\/p>\n<p>Michael \u201cLa Fiera\u201d Ram\u00edrez pronostica un desenlace de la pelea antes del tercer round.<\/p>\n","protected":false},"excerpt":{"rendered":"<p>Los boxeadores dominicanos Michael \u201cLa Fiera\u201d Ram\u00edrez y Kenny \u201cChoco\u201d De Le\u00f3n se declararon listos para el combate que protagonizar\u00e1n el s\u00e1bado 9 de este mes en el Coliseo de Boxeo Carlos \u201cTeo\u201d Cruz. Ambos prospectos han desarrollado sus carreras sin mayores traumas, derrotando a todos sus rivales, para conservar r\u00e9cords inmaculados, en los que [&hellip;]<\/p>\n","protected":false},"author":13,"featured_media":137675,"comment_status":"closed","ping_status":"closed","sticky":false,"template":"","format":"standard","meta":[],"categories":[83143,2,60],"tags":[24683],"acf":[],"_links":{"self":[{"href":"https:\/\/colimdo.org\/wp-api\/wp\/v2\/posts\/137674"}],"collection":[{"href":"https:\/\/colimdo.org\/wp-api\/wp\/v2\/posts"}],"about":[{"href":"https:\/\/colimdo.org\/wp-api\/wp\/v2\/types\/post"}],"author":[{"embeddable":true,"href":"https:\/\/colimdo.org\/wp-api\/wp\/v2\/users\/13"}],"replies":[{"embeddable":true,"href":"https:\/\/colimdo.org\/wp-api\/wp\/v2\/comments?post=137674"}],"version-history":[{"count":1,"href":"https:\/\/colimdo.org\/wp-api\/wp\/v2\/posts\/137674\/revisions"}],"predecessor-version":[{"id":137676,"href":"https:\/\/colimdo.org\/wp-api\/wp\/v2\/posts\/137674\/revisions\/137676"}],"wp:featuredmedia":[{"embeddable":true,"href":"https:\/\/colimdo.org\/wp-api\/wp\/v2\/media\/137675"}],"wp:attachment":[{"href":"https:\/\/colimdo.org\/wp-api\/wp\/v2\/media?parent=137674"}],"wp:term":[{"taxonomy":"category","embeddable":true,"href":"https:\/\/colimdo.org\/wp-api\/wp\/v2\/categories?post=137674"},{"taxonomy":"post_tag","embeddable":true,"href":"https:\/\/colimdo.org\/wp-api\/wp\/v2\/tags?post=137674"}],"curies":[{"name":"wp","href":"https:\/\/api.w.org\/{rel}","templated":true}]}}