{"id":137680,"date":"2026-05-02T03:56:55","date_gmt":"2026-05-02T03:56:55","guid":{"rendered":"https:\/\/colimdo.org\/?p=137680"},"modified":"2026-05-02T03:56:55","modified_gmt":"2026-05-02T03:56:55","slug":"fedaracion-dominicana-de-futbol-es-reconocida-por-la-fifa","status":"publish","type":"post","link":"https:\/\/colimdo.org\/noticias\/fedaracion-dominicana-de-futbol-es-reconocida-por-la-fifa\/","title":{"rendered":"Fedaraci\u00f3n Dominicana de F\u00fatbol es reconocida por la FIFA"},"content":{"rendered":"<p>La Federaci\u00f3n Internacional de F\u00fatbol Asociado entreg\u00f3 de manera formal el galard\u00f3n a la Federaci\u00f3n Dominicana de F\u00fatbol (Fedofutbol) por el tercer lugar obtenido en los FIFA Forward Awards 2026 \u2013 Edici\u00f3n Am\u00e9ricas, durante el 76.\u00ba Congreso celebrado en Vancouver este jueves 30 de abril.<\/p>\n<p>El reconocimiento fue entregado por el presidente de la FIFA, Gianni Infantino, a las autoridades de la Fedofutbol encabezadas por Jos\u00e9 Francisco Deschamps, junto a Yelena Hazim Figuereo y Manuel Estrella.<\/p>\n<p>En el congreso participaron las 211 federaciones miembro, escenario en el que se aprob\u00f3 el Reporte Anual de la FIFA 2025 y se anunci\u00f3 la expansi\u00f3n del Programa FIFA Forward, clave en el desarrollo de infraestructura futbol\u00edstica a nivel global.<\/p>\n<p>Esta fue la primera edici\u00f3n de los premios, creados para reconocer los proyectos m\u00e1s destacados de infraestructura en las Am\u00e9ricas impulsados con apoyo del programa Forward. En ese contexto, la Fedofutbol obtuvo el tercer lugar gracias a la renovaci\u00f3n de su Centro de Alto Rendimiento.<\/p>\n<p>El podio lo completaron Asociaci\u00f3n Paraguaya de F\u00fatbol, con su centro para divisiones formativas, y Federaci\u00f3n de F\u00fatbol de Chile, por la renovaci\u00f3n del Centro de Alto Rendimiento Jos\u00e9 Sulantay.<\/p>\n<p>El logro dominicano cobra mayor relevancia al ser el \u00fanico proyecto de la Confederaci\u00f3n de Norteam\u00e9rica, Centroam\u00e9rica y el Caribe de F\u00fatbol en integrar el podio, dominado por federaciones de la Confederaci\u00f3n Sudamericana de F\u00fatbol.<\/p>\n<p>Otros galardones incluyeron a M\u00e9xico (Campo de F\u00fatbol M\u00e1s Destacado), Argentina (Innovaci\u00f3n), Costa Rica (Sostenible, Accesible e Inclusivo) y Anguila (Mayor Impacto).<\/p>\n<p>Los FIFA Forward Awards buscan enaltecer el compromiso de las federaciones con el desarrollo del f\u00fatbol mediante proyectos de alto impacto, adem\u00e1s de promover buenas pr\u00e1cticas e intercambio de conocimientos en toda la comunidad futbol\u00edstica internacional.<\/p>\n","protected":false},"excerpt":{"rendered":"<p>La Federaci\u00f3n Internacional de F\u00fatbol Asociado entreg\u00f3 de manera formal el galard\u00f3n a la Federaci\u00f3n Dominicana de F\u00fatbol (Fedofutbol) por el tercer lugar obtenido en los FIFA Forward Awards 2026 \u2013 Edici\u00f3n Am\u00e9ricas, durante el 76.\u00ba Congreso celebrado en Vancouver este jueves 30 de abril. El reconocimiento fue entregado por el presidente de la FIFA, [&hellip;]<\/p>\n","protected":false},"author":20,"featured_media":137681,"comment_status":"closed","ping_status":"closed","sticky":false,"template":"","format":"standard","meta":[],"categories":[3,2],"tags":[79775,77],"acf":[],"_links":{"self":[{"href":"https:\/\/colimdo.org\/wp-api\/wp\/v2\/posts\/137680"}],"collection":[{"href":"https:\/\/colimdo.org\/wp-api\/wp\/v2\/posts"}],"about":[{"href":"https:\/\/colimdo.org\/wp-api\/wp\/v2\/types\/post"}],"author":[{"embeddable":true,"href":"https:\/\/colimdo.org\/wp-api\/wp\/v2\/users\/20"}],"replies":[{"embeddable":true,"href":"https:\/\/colimdo.org\/wp-api\/wp\/v2\/comments?post=137680"}],"version-history":[{"count":1,"href":"https:\/\/colimdo.org\/wp-api\/wp\/v2\/posts\/137680\/revisions"}],"predecessor-version":[{"id":137682,"href":"https:\/\/colimdo.org\/wp-api\/wp\/v2\/posts\/137680\/revisions\/137682"}],"wp:featuredmedia":[{"embeddable":true,"href":"https:\/\/colimdo.org\/wp-api\/wp\/v2\/media\/137681"}],"wp:attachment":[{"href":"https:\/\/colimdo.org\/wp-api\/wp\/v2\/media?parent=137680"}],"wp:term":[{"taxonomy":"category","embeddable":true,"href":"https:\/\/colimdo.org\/wp-api\/wp\/v2\/categories?post=137680"},{"taxonomy":"post_tag","embeddable":true,"href":"https:\/\/colimdo.org\/wp-api\/wp\/v2\/tags?post=137680"}],"curies":[{"name":"wp","href":"https:\/\/api.w.org\/{rel}","templated":true}]}}