{"id":25105,"date":"2017-02-05T15:55:34","date_gmt":"2017-02-05T15:55:34","guid":{"rendered":"http:\/\/colimdotv.com\/?p=25105"},"modified":"2017-08-30T15:56:18","modified_gmt":"2017-08-30T15:56:18","slug":"camacho-reelecto-presidente-de-asociacion-de-tenis-de-santiago","status":"publish","type":"post","link":"https:\/\/colimdo.org\/noticias\/camacho-reelecto-presidente-de-asociacion-de-tenis-de-santiago\/","title":{"rendered":"Camacho, reelecto presidente de Asociaci\u00f3n de Tenis de Santiago"},"content":{"rendered":"<p><img decoding=\"async\" loading=\"lazy\" class=\"alignnone size-medium wp-image-25106 alignleft\" src=\"http:\/\/colimdotv.com\/wp-content\/uploads\/2017\/08\/juramentan-comite-ejecutivo-asotesa-2c-preside-ramon-camacho-tejada--300x120.jpg\" alt=\"\" width=\"300\" height=\"120\" srcset=\"https:\/\/colimdo.org\/wp-content\/uploads\/2017\/08\/juramentan-comite-ejecutivo-asotesa-2c-preside-ramon-camacho-tejada--300x120.jpg 300w, https:\/\/colimdo.org\/wp-content\/uploads\/2017\/08\/juramentan-comite-ejecutivo-asotesa-2c-preside-ramon-camacho-tejada--768x307.jpg 768w, https:\/\/colimdo.org\/wp-content\/uploads\/2017\/08\/juramentan-comite-ejecutivo-asotesa-2c-preside-ramon-camacho-tejada--1024x410.jpg 1024w, https:\/\/colimdo.org\/wp-content\/uploads\/2017\/08\/juramentan-comite-ejecutivo-asotesa-2c-preside-ramon-camacho-tejada--273x109.jpg 273w, https:\/\/colimdo.org\/wp-content\/uploads\/2017\/08\/juramentan-comite-ejecutivo-asotesa-2c-preside-ramon-camacho-tejada--100x40.jpg 100w, https:\/\/colimdo.org\/wp-content\/uploads\/2017\/08\/juramentan-comite-ejecutivo-asotesa-2c-preside-ramon-camacho-tejada--290x116.jpg 290w, https:\/\/colimdo.org\/wp-content\/uploads\/2017\/08\/juramentan-comite-ejecutivo-asotesa-2c-preside-ramon-camacho-tejada--700x280.jpg 700w, https:\/\/colimdo.org\/wp-content\/uploads\/2017\/08\/juramentan-comite-ejecutivo-asotesa-2c-preside-ramon-camacho-tejada--356x143.jpg 356w, https:\/\/colimdo.org\/wp-content\/uploads\/2017\/08\/juramentan-comite-ejecutivo-asotesa-2c-preside-ramon-camacho-tejada-.jpg 1309w\" sizes=\"(max-width: 300px) 100vw, 300px\" \/>Santo Domingo. El licenciado Ram\u00f3n Camacho Tejada, fue reelegido como presidente de la Asociaci\u00f3n de Tenis de Santiago (ASOTESA), para el per\u00edodo 2017-2019, en la asamblea general celebrada en el Club Amaprosan, present\u00e1ndose una plancha de consenso.<\/p>\n<p>En la actividad estuvo presente el licenciado Persio Maldonado S\u00e1nchez, presidente de la Federaci\u00f3n Dominicana de Tenis (FEDOTENIS) y principal ejecutivo de la Confederaci\u00f3n de Tenis Centroamericana y del Caribe (COTECC).<\/p>\n<p>El encuentro institucional, estuvo encabezado de la comisi\u00f3n electoral conformada por Manuel Garc\u00eda Musa, presidente de la Uni\u00f3n Deportiva de la localidad; Los periodistas deportivos C\u00e9sar Delmonte y Consuegra, junto Guillermo Ottenwalder, director regional de Deportes de MIDEREC.<\/p>\n<p>Camacho Tejada, cuenta con dos vicepresidentes, Gustavo G\u00f3mez y Luis Jos\u00e9 Bonilla Bojos; en la tesorer\u00eda est\u00e1 Tony Henderson, junto al secretario y co-secretario Gustavo Gandini y Puro Garc\u00eda.<\/p>\n<p>Respaldado de tres vocales Johnny Bertr\u00e1n, Ryan Rigio y el profesor Alberto Mart\u00ednez.<br \/>\nMaldonado S\u00e1nchez, de FEDOTENIS, hizo el juramento a los nuevos directivos, acompa\u00f1ado de Garc\u00eda Musa, Octavio J\u00e1quez y Dami\u00e1n Calder\u00f3n, de Amaprosan y el Centro ES.<\/p>\n<p>Estuvieron presentes el periodista Paulino P\u00e9rez y el contralmirante ARD Jos\u00e9 Roberto Mu\u00f1oz Monci\u00f3n, quien adem\u00e1s de director del comit\u00e9 ejecutivo de FEDOTENIS, entre otros invitados.<\/p>\n<p>Ram\u00f3n Camacho Tejada: Tiene m\u00e1s de 20 a\u00f1os en el tenis en Santiago, inicia en la directiva de ASOTESA de tesorero en el 2008, reelecto presidente en tres ocasiones.<\/p>\n<p>En su primer discurso el pasado s\u00e1bado, Camacho Tejada agradeci\u00f3 a Dios y los delegados de los clubes por su voto a su favor. Indic\u00f3 que seguiremos buscando el desarrollo de los atletas, la capacitaci\u00f3n de los entrenadores y dirigentes, manteni\u00e9ndose unidos con FEDOTENIS, para elevar la m\u00e1xima categor\u00eda en la Copa Davis y en los Futures, para llegar a los m\u00e1s altos niveles.<\/p>\n<p>Daremos cumplimiento al calendario nacional de eventos del 2017, con quince torneos en Santiago por edades y ocho para veteranos, incluyendo los cert\u00e1menes de FEDOTENIS.<br \/>\nConcluyeron sus palabras, reconociendo la gran calidad de los dirigentes en la Ciudad Coraz\u00f3n, que es un equipo de calidad humana, t\u00e9cnico y profesionales insuperables, cuando nos trazamos metas, las logramos junto al empresariado del Cibao y nuestra federaci\u00f3n.<\/p>\n<p>Tuvieron derecho al voto en la asamblea, los delegados de los clubes ten\u00edsticos del Centro Espa\u00f1ol de Santiago, Amaprosan y Gurabito Country Club.<\/p>\n","protected":false},"excerpt":{"rendered":"<p>Santo Domingo. El licenciado Ram\u00f3n Camacho Tejada, fue reelegido como presidente de la Asociaci\u00f3n de Tenis de Santiago (ASOTESA), para el per\u00edodo 2017-2019, en la asamblea general celebrada en el Club Amaprosan, present\u00e1ndose una plancha de consenso. En la actividad estuvo presente el licenciado Persio Maldonado S\u00e1nchez, presidente de la Federaci\u00f3n Dominicana de Tenis (FEDOTENIS) [&hellip;]<\/p>\n","protected":false},"author":13,"featured_media":25106,"comment_status":"open","ping_status":"open","sticky":false,"template":"","format":"standard","meta":[],"categories":[3,2],"tags":[],"acf":[],"_links":{"self":[{"href":"https:\/\/colimdo.org\/wp-api\/wp\/v2\/posts\/25105"}],"collection":[{"href":"https:\/\/colimdo.org\/wp-api\/wp\/v2\/posts"}],"about":[{"href":"https:\/\/colimdo.org\/wp-api\/wp\/v2\/types\/post"}],"author":[{"embeddable":true,"href":"https:\/\/colimdo.org\/wp-api\/wp\/v2\/users\/13"}],"replies":[{"embeddable":true,"href":"https:\/\/colimdo.org\/wp-api\/wp\/v2\/comments?post=25105"}],"version-history":[{"count":1,"href":"https:\/\/colimdo.org\/wp-api\/wp\/v2\/posts\/25105\/revisions"}],"predecessor-version":[{"id":25107,"href":"https:\/\/colimdo.org\/wp-api\/wp\/v2\/posts\/25105\/revisions\/25107"}],"wp:featuredmedia":[{"embeddable":true,"href":"https:\/\/colimdo.org\/wp-api\/wp\/v2\/media\/25106"}],"wp:attachment":[{"href":"https:\/\/colimdo.org\/wp-api\/wp\/v2\/media?parent=25105"}],"wp:term":[{"taxonomy":"category","embeddable":true,"href":"https:\/\/colimdo.org\/wp-api\/wp\/v2\/categories?post=25105"},{"taxonomy":"post_tag","embeddable":true,"href":"https:\/\/colimdo.org\/wp-api\/wp\/v2\/tags?post=25105"}],"curies":[{"name":"wp","href":"https:\/\/api.w.org\/{rel}","templated":true}]}}