{"id":44102,"date":"2018-11-20T16:02:18","date_gmt":"2018-11-20T16:02:18","guid":{"rendered":"https:\/\/colimdo.org\/?p=44102"},"modified":"2018-11-20T16:02:18","modified_gmt":"2018-11-20T16:02:18","slug":"adrian-beltre-anuncia-retiro-jugador-las-grandes-ligas","status":"publish","type":"post","link":"https:\/\/colimdo.org\/noticias\/adrian-beltre-anuncia-retiro-jugador-las-grandes-ligas\/","title":{"rendered":"Adri\u00e1n Beltr\u00e9 anuncia su retiro como jugador de las Grandes Ligas"},"content":{"rendered":"<p><strong>MLB.&#8211;<\/strong> El tercera base de los Rangers, Adri\u00e1n Beltr\u00e9, anunci\u00f3 su retiro como jugador activo el martes en un comunicado emitido por el equipo de Texas.<\/p>\n<p>El toletero dominicano, quien jug\u00f3 un total de 21 temporadas en Grandes Ligas con los Dodgers, Marineros, Medias Rojas y Rangers, concluye su carrera con 477 jonrones, 1,707 empujadas y OPS de por vida de .819. Beltr\u00e9 es considerado uno de los mejores antesalistas de todos los tiempos y tambi\u00e9n se le ve como un fuerte candidato para el Sal\u00f3n de la Fama de Cooperstown.<\/p>\n<p>&#8220;Lo he pensado mucho y aunque agradezco todas las oportunidades que me ha dado el b\u00e9isbol, es hora de darle fin a mi carrera&#8221;, dijo Beltr\u00e9 en el comunicado. &#8220;He disfrutado del privilegio de jugar b\u00e9isbol profesional desde que ten\u00eda 15 a\u00f1os. He sido bendecido de jugar 21 temporadas al nivel m\u00e1s alto de Grandes Ligas&#8221;.<\/p>\n<p><strong>Declaraci\u00f3n de Adrian Beltr\u00e9.-<\/strong><\/p>\n<p>Despu\u00e9s de una cuidadosa consideraci\u00f3n y muchas noches sin dormir, he tomado la decisi\u00f3n de retirarme de lo que he estado haciendo toda mi vida, que es jugar b\u00e9isbol, el juego que amo.<\/p>\n<p>Lo he pensado mucho y aunque aprecio todas las oportunidades y todo lo que el b\u00e9isbol me ha brindado, es hora de llamarlo una carrera. He disfrutado del privilegio de jugar b\u00e9isbol profesional desde los 15 a\u00f1os. He tenido la suerte de haber jugado 21 temporadas en el nivel m\u00e1s alto en las Grandes Ligas de B\u00e9isbol.<\/p>\n<p>Quiero agradecer a Dios, a mi incre\u00edble esposa Sandra por tu incansable e incondicional amor, apoyo y comprensi\u00f3n durante toda mi carrera en el b\u00e9isbol, a mis tres incre\u00edbles hijos, Cassie, AJ y Camila por ser los mejores ni\u00f1os del b\u00e9isbol, mis padres y toda mi familia. Por todo tu amor y apoyo.<\/p>\n<p>Tambi\u00e9n quiero agradecer a mis agentes, Scott Boras, Mike Fiore y a toda Boras Corp. por creer siempre en mi talento. MUCHAS GRACIAS a los numerosos compa\u00f1eros, gerentes, entrenadores y miembros del personal de los Dodgers de Los Angeles, los Marineros de Seattle, los Medias Rojas de Boston y especialmente los Rangers de Texas. Estas \u00faltimas ocho temporadas jugando con el uniforme de los Rangers han sido las mejores de mi carrera y fueron posibles gracias a los due\u00f1os de los Rangers, Ray Davis, Bob Simpson, y Neil Leibman, el Gerente General Jon Daniels, Nolan Ryan y el difunto Don Welke.<\/p>\n<p>Tambi\u00e9n debo una gran parte de mi \u00e9xito en Texas a los incre\u00edbles fan\u00e1ticos de los Rangers. Ustedes son los mejores!<\/p>\n<p>Tambi\u00e9n debo reconocer y agradecer a Tommy Lasorda por creer en este joven de la Rep\u00fablica Dominicana cuando otros pensaban que yo era demasiado joven para ser llamado a las Grandes Ligas.<\/p>\n<p>A todos mis fan\u00e1ticos en la Rep\u00fablica Dominicana, los Estados Unidos y Am\u00e9rica Latina, mi m\u00e1s sincero agradecimiento por su continuo apoyo a lo largo de mi carrera. Aunque siempre apreciar\u00e9 los recuerdos de mi tiempo en el mejor juego del mundo, estoy emocionado de convertirme en un esposo y padre a tiempo completo, y estoy listo para comenzar el pr\u00f3ximo cap\u00edtulo de mi vida.<\/p>\n<p>\u00a1Ha sido una gran aventura!<\/p>\n<p>Muchas gracias,<\/p>\n<p>Adrian Beltr\u00e9<\/p>\n<p>&nbsp;<\/p>\n","protected":false},"excerpt":{"rendered":"<p>El antesalista deja el b\u00e9isbol luego de 21 temporadas en las que desarroll\u00f3 una carrera que lo proyecta para ocupar un lugar en el Sal\u00f3n de la Fama de Cooperstown.<\/p>\n","protected":false},"author":13,"featured_media":44103,"comment_status":"open","ping_status":"open","sticky":false,"template":"","format":"standard","meta":[],"categories":[2,60],"tags":[],"acf":[],"_links":{"self":[{"href":"https:\/\/colimdo.org\/wp-api\/wp\/v2\/posts\/44102"}],"collection":[{"href":"https:\/\/colimdo.org\/wp-api\/wp\/v2\/posts"}],"about":[{"href":"https:\/\/colimdo.org\/wp-api\/wp\/v2\/types\/post"}],"author":[{"embeddable":true,"href":"https:\/\/colimdo.org\/wp-api\/wp\/v2\/users\/13"}],"replies":[{"embeddable":true,"href":"https:\/\/colimdo.org\/wp-api\/wp\/v2\/comments?post=44102"}],"version-history":[{"count":1,"href":"https:\/\/colimdo.org\/wp-api\/wp\/v2\/posts\/44102\/revisions"}],"predecessor-version":[{"id":44104,"href":"https:\/\/colimdo.org\/wp-api\/wp\/v2\/posts\/44102\/revisions\/44104"}],"wp:featuredmedia":[{"embeddable":true,"href":"https:\/\/colimdo.org\/wp-api\/wp\/v2\/media\/44103"}],"wp:attachment":[{"href":"https:\/\/colimdo.org\/wp-api\/wp\/v2\/media?parent=44102"}],"wp:term":[{"taxonomy":"category","embeddable":true,"href":"https:\/\/colimdo.org\/wp-api\/wp\/v2\/categories?post=44102"},{"taxonomy":"post_tag","embeddable":true,"href":"https:\/\/colimdo.org\/wp-api\/wp\/v2\/tags?post=44102"}],"curies":[{"name":"wp","href":"https:\/\/api.w.org\/{rel}","templated":true}]}}