{"id":46843,"date":"2019-01-11T18:29:31","date_gmt":"2019-01-11T18:29:31","guid":{"rendered":"https:\/\/colimdo.org\/?p=46843"},"modified":"2019-01-11T18:30:56","modified_gmt":"2019-01-11T18:30:56","slug":"cabarete-acogera-regata-internacional-vela-clase-olympico-laser","status":"publish","type":"post","link":"https:\/\/colimdo.org\/noticias\/cabarete-acogera-regata-internacional-vela-clase-olympico-laser\/","title":{"rendered":"Cabarete acoger\u00e1 Regata Internacional de Vela Clase Olympico L\u00e1ser"},"content":{"rendered":"<p><strong>SANTO DOMINGO.<\/strong> La versi\u00f3n 17 de la Regata Internacional de Vela Clase Olympico L\u00e1ser se llevar\u00e1 a cabo del 18 al 20 de este mes de enero en la playa de Cabarete.<\/p>\n<p>Los organizadores han dado a conocer que para esta ocasi\u00f3n estar\u00e1n participando siete de los diez mejores navegantes de la clase de velero olympico L\u00e1ser, incluyendo al dos veces campe\u00f3n del mundo Nick Thompson, de Gran Breta\u00f1a.<\/p>\n<p>La informaci\u00f3n fue dada a conocer por el presidente del comit\u00e9 organizador, Ari Barshi, quien a su vez resalt\u00f3 el gran entusiasmo que existe entre los veleristas por visitar la playa de Cabarete, ya que se ha convertido en uno de los lugares m\u00e1s importantes para los navegantes a nivel mundial.<\/p>\n<p>Un total de 30 navegantes provenientes desde Holanda, Inglaterra, Suecia, Estados Unidos, Canad\u00e1, Argentina, Noruega as\u00ed como los anfitriones de Rep\u00fablica Dominicana participar\u00e1n en el certamen.<\/p>\n<p>Esta competencia, que sumar\u00e1 puntos para el ranking mundial se efectuar\u00e1 del viernes 18 al domingo 20 de este mes, seg\u00fan inform\u00f3 Ari Barshi, quien agreg\u00f3 que el evento cuenta con el soporte t\u00e9cnico de la Federaci\u00f3n Dominicana de Vela, que dirige Andr\u00e9s Santana.<\/p>\n","protected":false},"excerpt":{"rendered":"<p>El certamen ser\u00e1 del 18 al 20 de este mes de enero en la playa Cabarete con la participaci\u00f3n de 7 de los 10 mejores navegantes de la clase velero<\/p>\n","protected":false},"author":13,"featured_media":46844,"comment_status":"closed","ping_status":"closed","sticky":false,"template":"","format":"standard","meta":[],"categories":[2],"tags":[],"acf":[],"_links":{"self":[{"href":"https:\/\/colimdo.org\/wp-api\/wp\/v2\/posts\/46843"}],"collection":[{"href":"https:\/\/colimdo.org\/wp-api\/wp\/v2\/posts"}],"about":[{"href":"https:\/\/colimdo.org\/wp-api\/wp\/v2\/types\/post"}],"author":[{"embeddable":true,"href":"https:\/\/colimdo.org\/wp-api\/wp\/v2\/users\/13"}],"replies":[{"embeddable":true,"href":"https:\/\/colimdo.org\/wp-api\/wp\/v2\/comments?post=46843"}],"version-history":[{"count":1,"href":"https:\/\/colimdo.org\/wp-api\/wp\/v2\/posts\/46843\/revisions"}],"predecessor-version":[{"id":46845,"href":"https:\/\/colimdo.org\/wp-api\/wp\/v2\/posts\/46843\/revisions\/46845"}],"wp:featuredmedia":[{"embeddable":true,"href":"https:\/\/colimdo.org\/wp-api\/wp\/v2\/media\/46844"}],"wp:attachment":[{"href":"https:\/\/colimdo.org\/wp-api\/wp\/v2\/media?parent=46843"}],"wp:term":[{"taxonomy":"category","embeddable":true,"href":"https:\/\/colimdo.org\/wp-api\/wp\/v2\/categories?post=46843"},{"taxonomy":"post_tag","embeddable":true,"href":"https:\/\/colimdo.org\/wp-api\/wp\/v2\/tags?post=46843"}],"curies":[{"name":"wp","href":"https:\/\/api.w.org\/{rel}","templated":true}]}}