{"id":46849,"date":"2019-01-12T02:42:26","date_gmt":"2019-01-12T02:42:26","guid":{"rendered":"https:\/\/colimdo.org\/?p=46849"},"modified":"2019-01-12T02:42:26","modified_gmt":"2019-01-12T02:42:26","slug":"rd-albergara-nuevo-torneo-itf-junior","status":"publish","type":"post","link":"https:\/\/colimdo.org\/noticias\/rd-albergara-nuevo-torneo-itf-junior\/","title":{"rendered":"RD albergar\u00e1 nuevo torneo ITF Junior"},"content":{"rendered":"<p>SANTO DOMINGO.- Rep\u00fablica Dominicana tendr\u00e1 un nuevo torneo juvenil ITF a partir de este 2019. Se trata de la Copa Los Tres Ojos, un evento grado 3, que se jugar\u00e1 la semana del 15 de julio en Santo Domingo, luego de la Copa Merengue, que aument\u00f3 de grado 4 a 3 desde este a\u00f1o.<\/p>\n<p>La informaci\u00f3n la confirm\u00f3 Persio Maldonado, presidente de la Federaci\u00f3n Dominicana de Tenis, luego de recibir la confirmaci\u00f3n por parte de la ITF.<\/p>\n<p>La gira de eventos grado 3 fue concedida como parte de l\u00ednea de ITF de otorgar m\u00e1s competiciones de este nivel a las distintas regiones del mundo, a los fines de que los jugadores\u00a0mejoren su ranking.<\/p>\n","protected":false},"excerpt":{"rendered":"<p>Se trata de la Copa Los Tres Ojos, un evento grado 3, que se jugar\u00e1 la semana del 15 de julio en Santo Domingo.<\/p>\n","protected":false},"author":16,"featured_media":46850,"comment_status":"closed","ping_status":"closed","sticky":false,"template":"","format":"standard","meta":[],"categories":[3,2,60],"tags":[],"acf":[],"_links":{"self":[{"href":"https:\/\/colimdo.org\/wp-api\/wp\/v2\/posts\/46849"}],"collection":[{"href":"https:\/\/colimdo.org\/wp-api\/wp\/v2\/posts"}],"about":[{"href":"https:\/\/colimdo.org\/wp-api\/wp\/v2\/types\/post"}],"author":[{"embeddable":true,"href":"https:\/\/colimdo.org\/wp-api\/wp\/v2\/users\/16"}],"replies":[{"embeddable":true,"href":"https:\/\/colimdo.org\/wp-api\/wp\/v2\/comments?post=46849"}],"version-history":[{"count":1,"href":"https:\/\/colimdo.org\/wp-api\/wp\/v2\/posts\/46849\/revisions"}],"predecessor-version":[{"id":46851,"href":"https:\/\/colimdo.org\/wp-api\/wp\/v2\/posts\/46849\/revisions\/46851"}],"wp:featuredmedia":[{"embeddable":true,"href":"https:\/\/colimdo.org\/wp-api\/wp\/v2\/media\/46850"}],"wp:attachment":[{"href":"https:\/\/colimdo.org\/wp-api\/wp\/v2\/media?parent=46849"}],"wp:term":[{"taxonomy":"category","embeddable":true,"href":"https:\/\/colimdo.org\/wp-api\/wp\/v2\/categories?post=46849"},{"taxonomy":"post_tag","embeddable":true,"href":"https:\/\/colimdo.org\/wp-api\/wp\/v2\/tags?post=46849"}],"curies":[{"name":"wp","href":"https:\/\/api.w.org\/{rel}","templated":true}]}}