{"id":46894,"date":"2019-01-12T17:32:04","date_gmt":"2019-01-12T17:32:04","guid":{"rendered":"https:\/\/colimdo.org\/?p=46894"},"modified":"2019-01-12T17:32:04","modified_gmt":"2019-01-12T17:32:04","slug":"serena-williams-la-favorita-regreso-melbourne","status":"publish","type":"post","link":"https:\/\/colimdo.org\/noticias\/serena-williams-la-favorita-regreso-melbourne\/","title":{"rendered":"Serena Williams es la favorita en su regreso a Melbourne"},"content":{"rendered":"<p class=\"canvas-atom canvas-text Mb(1.0em) Mb(0)--sm Mt(0.8em)--sm\">MELBOURNE (Reuters) &#8211; Serena Williams ten\u00eda ocho semanas de embarazo al momento de ganar el Abierto de Australia en 2017 y, aunque posteriormente no ha logrado sumar otro Grand Slam a su brillante palmar\u00e9s, la estadounidense regresar\u00e1 a Melbourne siendo considerada a\u00fan como la fuerza dominante del tenis femenino.<\/p>\n<p class=\"canvas-atom canvas-text Mb(1.0em) Mb(0)--sm Mt(0.8em)--sm\">La tenista de 37 a\u00f1os se tom\u00f3 un a\u00f1o de descanso despu\u00e9s del nacimiento de su hija Alexis Olympia en septiembre de 2017, antes de regresar a la acci\u00f3n la temporada pasada, cuando lleg\u00f3 a la final en Wimbledon y el Abierto de Estados Unidos.<\/p>\n<p class=\"canvas-atom canvas-text Mb(1.0em) Mb(0)--sm Mt(0.8em)--sm\">Sin embargo, en la b\u00fasqueda de su vigesimocuarto t\u00edtulo del Grand Slam tropez\u00f3 en el \u00faltimo obst\u00e1culo, al ser derrotada por la alemana Angelique Kerber en Londres y por la japonesa Naomi Osaka en Nueva York.<\/p>\n<p class=\"canvas-atom canvas-text Mb(1.0em) Mb(0)--sm Mt(0.8em)--sm\">Esas duras derrotas hicieron que Williams tenga que prolongar la espera de un nuevo t\u00edtulo de individuales en un Grand Slam, el cual le permitir\u00eda igualar el r\u00e9cord de todos los tiempos de Margaret Court.<\/p>\n<p class=\"canvas-atom canvas-text Mb(1.0em) Mb(0)--sm Mt(0.8em)--sm\">Pero tendr\u00e1 otra oportunidad de lograr ese hito en el evento que se desarrollar\u00e1 entre el 14 y el 27 de enero, a pesar de que llega en el puesto 16 del escalaf\u00f3n mundial.<\/p>\n<p class=\"canvas-atom canvas-text Mb(1.0em) Mb(0)--sm Mt(0.8em)--sm\">Si bien Williams logr\u00f3 su \u00faltimo t\u00edtulo de Grand Slam al vencer a su hermana Venus hace dos a\u00f1os, se espera que ahora una gran variedad de jugadoras pueda optar a levantar el trofeo.<\/p>\n<p class=\"canvas-atom canvas-text Mb(1.0em) Mb(0)--sm Mt(0.8em)--sm\">La n\u00famero uno del mundo, Simona Halep, ha sufrido m\u00faltiples problemas f\u00edsicos antes del torneo, luego de que una lesi\u00f3n en la espalda puso fin en septiembre a su temporada 2018.<\/p>\n<p class=\"canvas-atom canvas-text Mb(1.0em) Mb(0)--sm Mt(0.8em)--sm\">La rumana, que perdi\u00f3 la final del Abierto de Australia de 2018 ante Caroline Wozniacki, podr\u00eda lamentar su falta de partidos competitivos, pero est\u00e1 optimista en la antesala del primer Grand Slam del a\u00f1o.<\/p>\n<p class=\"canvas-atom canvas-text Mb(1.0em) Mb(0)--sm Mt(0.8em)--sm\">&#8220;Creo que jugu\u00e9 a un buen nivel (&#8230;) Sin dolor. Estoy feliz por eso. Es una gran se\u00f1al&#8221;, dijo Halep a reporteros esta semana despu\u00e9s de perder ante la australiana Ashleigh Barty en los octavos de final del Abierto de S\u00eddney.<\/p>\n<p class=\"canvas-atom canvas-text Mb(1.0em) Mb(0)--sm Mt(0.8em)--sm\">\u00a0\u00a0\u00a0\u00a0OTRAS CANDIDATAS<\/p>\n<p class=\"canvas-atom canvas-text Mb(1.0em) Mb(0)--sm Mt(0.8em)--sm\">\u00a0\u00a0\u00a0\u00a0Un segundo t\u00edtulo en el Abierto de Australia ser\u00eda un regalo de cumplea\u00f1os perfecto para Kerber, n\u00famero dos del mundo, que cumplir\u00e1 31 a\u00f1os durante la primera semana del torneo.<\/p>\n<p class=\"canvas-atom canvas-text Mb(1.0em) Mb(0)--sm Mt(0.8em)--sm\">Kerber mostr\u00f3 un muy buen nivel en la Copa Hopman, donde gan\u00f3 todos sus partidos de individuales a pesar de que Alemania perdi\u00f3 la final ante la Suiza de Roger Federer.<\/p>\n<p class=\"canvas-atom canvas-text Mb(1.0em) Mb(0)--sm Mt(0.8em)--sm\">Por su parte, la campeona defensora, Wozniacki, ha estado luchando contra una artritis reumatoide, pero la danesa de 28 sigue siendo una rival fuerte, al igual que Osaka, de 21 a\u00f1os, quien se hizo conocida con su sorpresiva victoria sobre Williams en Nueva York.<\/p>\n<p class=\"canvas-atom canvas-text Mb(1.0em) Mb(0)--sm Mt(0.8em)--sm\">La bielorrusa Aryna Sabalenka tambi\u00e9n podr\u00eda meterse en instancias finales en el cemento australiano y muchos especialistas, entre ellos la estadounidense Chris Evert, creen que la tenista de 20 a\u00f1os dar\u00e1 mucho que hablar en el corto plazo.<\/p>\n","protected":false},"excerpt":{"rendered":"<p>La tenista de 37 a\u00f1os se tom\u00f3 un a\u00f1o de descanso despu\u00e9s del nacimiento de su hija Alexis Olympia en septiembre de 2017, antes de regresar a la acci\u00f3n la temporada pasada, cuando lleg\u00f3 a la final en Wimbledon y el Abierto de Estados Unidos.<\/p>\n","protected":false},"author":16,"featured_media":46895,"comment_status":"closed","ping_status":"closed","sticky":false,"template":"","format":"standard","meta":[],"categories":[2,60],"tags":[],"acf":[],"_links":{"self":[{"href":"https:\/\/colimdo.org\/wp-api\/wp\/v2\/posts\/46894"}],"collection":[{"href":"https:\/\/colimdo.org\/wp-api\/wp\/v2\/posts"}],"about":[{"href":"https:\/\/colimdo.org\/wp-api\/wp\/v2\/types\/post"}],"author":[{"embeddable":true,"href":"https:\/\/colimdo.org\/wp-api\/wp\/v2\/users\/16"}],"replies":[{"embeddable":true,"href":"https:\/\/colimdo.org\/wp-api\/wp\/v2\/comments?post=46894"}],"version-history":[{"count":1,"href":"https:\/\/colimdo.org\/wp-api\/wp\/v2\/posts\/46894\/revisions"}],"predecessor-version":[{"id":46896,"href":"https:\/\/colimdo.org\/wp-api\/wp\/v2\/posts\/46894\/revisions\/46896"}],"wp:featuredmedia":[{"embeddable":true,"href":"https:\/\/colimdo.org\/wp-api\/wp\/v2\/media\/46895"}],"wp:attachment":[{"href":"https:\/\/colimdo.org\/wp-api\/wp\/v2\/media?parent=46894"}],"wp:term":[{"taxonomy":"category","embeddable":true,"href":"https:\/\/colimdo.org\/wp-api\/wp\/v2\/categories?post=46894"},{"taxonomy":"post_tag","embeddable":true,"href":"https:\/\/colimdo.org\/wp-api\/wp\/v2\/tags?post=46894"}],"curies":[{"name":"wp","href":"https:\/\/api.w.org\/{rel}","templated":true}]}}