{"id":46901,"date":"2019-01-12T20:12:14","date_gmt":"2019-01-12T20:12:14","guid":{"rendered":"https:\/\/colimdo.org\/?p=46901"},"modified":"2019-01-12T20:21:31","modified_gmt":"2019-01-12T20:21:31","slug":"juan-soto-se-concentra-mejorar-defensa-espera-harper-se-quede","status":"publish","type":"post","link":"https:\/\/colimdo.org\/noticias\/juan-soto-se-concentra-mejorar-defensa-espera-harper-se-quede\/","title":{"rendered":"Juan Soto se concentra en mejorar su defensa y espera que Harper se quede"},"content":{"rendered":"<h5>SANTO DOMINGO (Licey.com).- De cara a la temporada de 2019 en el b\u00e9isbol de las Grandes Ligas, Juan Soto se concentra en mejorar la defensa, mientras conf\u00eda en que el agente libre Bryce Harper permanezca con los Nacionales de Washington.<\/h5>\n<h5>\u201cEn lo que m\u00e1s estoy trabajando es en la defensa\u201d, respondi\u00f3 Soto, quien tuvo en el 2018 una de la mejores campa\u00f1as para un jugador por debajo de los 20 a\u00f1os, al ser entrevistado por Alex Luna para el programa radial La Voz del Fan\u00e1tico\u00a0que se transmite a partir de las cinco de la tarde en d\u00edas de semana por los 92.5 FM de CDN Radio.<\/h5>\n<h5>Soto, quien qued\u00f3 segundo en las votaciones para el Novato del A\u00f1o de la Liga Nacional detr\u00e1s de Ronald Acu\u00f1a, tuvo una l\u00ednea ofensiva de .292\/.406\/.517 con 22 cuadrangulares y 70 carreras remolcadas en 116 partidos tras ser subido luego de empezada la estaci\u00f3n.<\/h5>\n<h5>\u201cEl equipo ha hecho los movimientos y tapado los huecos, ha hecho las cosas que faltaban a mi entender. Solo resta la firma de Harper\u201d, agreg\u00f3 el jardinero bateador zurdo.<br \/>\nUno de los movimientos fue la adquisici\u00f3n del lanzador abridor zurdo Patrick Corbin, as\u00ed como la de otro abridor en la persona de An\u00edbal S\u00e1nchez.<\/h5>\n<h5>\u201cEstoy contento, el equipo se ve muy bien para el a\u00f1o que viene. Harper es un gran bateador y fildeador, es una pieza clave para el equipo. Espero que pueda jugar con nosotros\u201d, a\u00f1adi\u00f3 el jugador nativo de la ciudad de Santo Domingo.<\/h5>\n<h5>Soto fue uno de los jugadores que integraron la selecci\u00f3n de las Grandes Ligas que particip\u00f3 en una serie de exhibici\u00f3n frente a varios equipos del b\u00e9isbol de Jap\u00f3n.<\/h5>\n<h5>\u201cFue una experiencia muy bonita, compartir con los peloteros veteranos de los que puedes tomar los consejos y cosas buenas para tu carrera\u201d, dijo.<\/h5>\n<h5>Agreg\u00f3 que Carlos Santana es uno de los peloteros que m\u00e1s ayuda a los novatos, incluy\u00e9ndolo a \u00e9l.<\/h5>\n<h5>Revel\u00f3 que en los planes de los Nacionales nunca estuvo permitirle ver acci\u00f3n con los Tigres del Licey en el torneo de b\u00e9isbol oto\u00f1o invernal y que todo el tiempo le aconsejaron que descansara.<\/h5>\n<div class=\"mr_social_sharing_wrapper\"><\/div>\n","protected":false},"excerpt":{"rendered":"<p>El jardinero dominicano est\u00e1 enfocado en seguir mejorando su juego de cara a la temporada de Grandes Ligas.<\/p>\n","protected":false},"author":16,"featured_media":46902,"comment_status":"closed","ping_status":"closed","sticky":false,"template":"","format":"standard","meta":[],"categories":[2,60],"tags":[],"acf":[],"_links":{"self":[{"href":"https:\/\/colimdo.org\/wp-api\/wp\/v2\/posts\/46901"}],"collection":[{"href":"https:\/\/colimdo.org\/wp-api\/wp\/v2\/posts"}],"about":[{"href":"https:\/\/colimdo.org\/wp-api\/wp\/v2\/types\/post"}],"author":[{"embeddable":true,"href":"https:\/\/colimdo.org\/wp-api\/wp\/v2\/users\/16"}],"replies":[{"embeddable":true,"href":"https:\/\/colimdo.org\/wp-api\/wp\/v2\/comments?post=46901"}],"version-history":[{"count":3,"href":"https:\/\/colimdo.org\/wp-api\/wp\/v2\/posts\/46901\/revisions"}],"predecessor-version":[{"id":46905,"href":"https:\/\/colimdo.org\/wp-api\/wp\/v2\/posts\/46901\/revisions\/46905"}],"wp:featuredmedia":[{"embeddable":true,"href":"https:\/\/colimdo.org\/wp-api\/wp\/v2\/media\/46902"}],"wp:attachment":[{"href":"https:\/\/colimdo.org\/wp-api\/wp\/v2\/media?parent=46901"}],"wp:term":[{"taxonomy":"category","embeddable":true,"href":"https:\/\/colimdo.org\/wp-api\/wp\/v2\/categories?post=46901"},{"taxonomy":"post_tag","embeddable":true,"href":"https:\/\/colimdo.org\/wp-api\/wp\/v2\/tags?post=46901"}],"curies":[{"name":"wp","href":"https:\/\/api.w.org\/{rel}","templated":true}]}}