{"id":46923,"date":"2019-01-13T00:14:21","date_gmt":"2019-01-13T00:14:21","guid":{"rendered":"https:\/\/colimdo.org\/?p=46923"},"modified":"2019-01-13T00:14:21","modified_gmt":"2019-01-13T00:14:21","slug":"diego-maradona-fue-operado-sangrado-estomacal","status":"publish","type":"post","link":"https:\/\/colimdo.org\/noticias\/diego-maradona-fue-operado-sangrado-estomacal\/","title":{"rendered":"Diego Maradona fue operado por sangrado estomacal"},"content":{"rendered":"<p>ESPN. El regreso de\u00a0Diego Armando Maradona<strong>\u00a0<\/strong>a M\u00e9xico tendr\u00e1 que esperar, ya que la leyenda argentina y t\u00e9cnico de\u00a0Dorados de Sinaloa, fue operado este s\u00e1bado, con el objetivo de detener el sangrado estomacal que le detectaron hace unos d\u00edas.<\/p>\n<p>El \u2018Pelusa\u2019 se realiz\u00f3 estudios a principios de a\u00f1o y en los mismos se dio a conocer esta situaci\u00f3n, producto de una hernia que se le gener\u00f3 hace meses.<\/p>\n<p>La intervenci\u00f3n Maradona estaba programada para durar una hora y fue pactada en la Cl\u00ednica Olivos, misma donde se le realizaron los primeros estudios.<\/p>\n<p>Mientras que Diego Armando se mantiene en su pa\u00eds, el subcampe\u00f3n del\u00a0Ascenso MX\u00a0inici\u00f3 con una derrota el Clausura 2019 al sucumbir\u00a01-0 frente a Celaya.<\/p>\n<p>Se espera que elextimonel de la Selecci\u00f3n de Argentina se mantenga algunos d\u00edas m\u00e1s en su pa\u00eds y posteriormente viaje a Culiac\u00e1n para tomar las riendas de su escuadra.<\/p>\n","protected":false},"excerpt":{"rendered":"<p>El \u2018Pelusa\u2019 se realiz\u00f3 estudios a principios de a\u00f1o y en los mismos se dio a conocer esta situaci\u00f3n, producto de una hernia que se le gener\u00f3 hace meses.<\/p>\n","protected":false},"author":16,"featured_media":46924,"comment_status":"closed","ping_status":"closed","sticky":false,"template":"","format":"standard","meta":[],"categories":[2,60],"tags":[],"acf":[],"_links":{"self":[{"href":"https:\/\/colimdo.org\/wp-api\/wp\/v2\/posts\/46923"}],"collection":[{"href":"https:\/\/colimdo.org\/wp-api\/wp\/v2\/posts"}],"about":[{"href":"https:\/\/colimdo.org\/wp-api\/wp\/v2\/types\/post"}],"author":[{"embeddable":true,"href":"https:\/\/colimdo.org\/wp-api\/wp\/v2\/users\/16"}],"replies":[{"embeddable":true,"href":"https:\/\/colimdo.org\/wp-api\/wp\/v2\/comments?post=46923"}],"version-history":[{"count":1,"href":"https:\/\/colimdo.org\/wp-api\/wp\/v2\/posts\/46923\/revisions"}],"predecessor-version":[{"id":46925,"href":"https:\/\/colimdo.org\/wp-api\/wp\/v2\/posts\/46923\/revisions\/46925"}],"wp:featuredmedia":[{"embeddable":true,"href":"https:\/\/colimdo.org\/wp-api\/wp\/v2\/media\/46924"}],"wp:attachment":[{"href":"https:\/\/colimdo.org\/wp-api\/wp\/v2\/media?parent=46923"}],"wp:term":[{"taxonomy":"category","embeddable":true,"href":"https:\/\/colimdo.org\/wp-api\/wp\/v2\/categories?post=46923"},{"taxonomy":"post_tag","embeddable":true,"href":"https:\/\/colimdo.org\/wp-api\/wp\/v2\/tags?post=46923"}],"curies":[{"name":"wp","href":"https:\/\/api.w.org\/{rel}","templated":true}]}}