{"id":46942,"date":"2019-01-13T15:02:39","date_gmt":"2019-01-13T15:02:39","guid":{"rendered":"https:\/\/colimdo.org\/?p=46942"},"modified":"2019-01-13T15:02:39","modified_gmt":"2019-01-13T15:02:39","slug":"toyota-abre-puertas-fernando-alonso-entrenarlo-miras-al-dakar","status":"publish","type":"post","link":"https:\/\/colimdo.org\/noticias\/toyota-abre-puertas-fernando-alonso-entrenarlo-miras-al-dakar\/","title":{"rendered":"Toyota abre sus puertas a Fernando Alonso para entrenarlo con miras al Dakar"},"content":{"rendered":"<p class=\"canvas-atom canvas-text Mb(1.0em) Mb(0)--sm Mt(0.8em)--sm\">San Juan de Marcona (Per\u00fa), 13 ene (EFE).- Toyota deja abiertas todas sus puertas al piloto espa\u00f1ol Fernando Alonso, dos veces campe\u00f3n de la F\u00f3rmula 1, para que pueda probarse con un coche de rallys e incluso llegar a correr el Dakar, la carrera m\u00e1s dura de su tipo en el mundo.<\/p>\n<p class=\"canvas-atom canvas-text Mb(1.0em) Mb(0)--sm Mt(0.8em)--sm\">En una entrevista con la Agencia Efe durante la jornada de descanso del Dakar, el jefe del equipo Toyota Gazoo Racing, Glyn Hall, reconoci\u00f3 que ya ha habido conversaciones con el representante de Alonso, pero recalc\u00f3 que &#8220;hasta ahora no hay nada cerrado oficialmente&#8221;.<\/p>\n<p class=\"canvas-atom canvas-text Mb(1.0em) Mb(0)--sm Mt(0.8em)--sm\">&#8220;Por supuesto que nosotros como Toyota estar\u00edamos extremadamente interesados en ayudar a Alonso a que explore otras oportunidades y descubra la aventura del Dakar&#8221;, afirm\u00f3 Hall, cuyo equipo pertenece a la filial sudafricana de esta marca japonesa con la que el espa\u00f1ol corre el mundial de resistencia.<\/p>\n<p class=\"canvas-atom canvas-text Mb(1.0em) Mb(0)--sm Mt(0.8em)--sm\">&#8220;Ser\u00eda extremadamente emocionante que Alonso viniera al Dakar. \u00c9l traer\u00eda emoci\u00f3n y un punto de vista diferente, y ser\u00eda una inspiraci\u00f3n masiva para otros pilotos y gente de todo el mundo de que cualquier cosa es posible&#8221;, agreg\u00f3.<\/p>\n<p class=\"canvas-atom canvas-text Mb(1.0em) Mb(0)--sm Mt(0.8em)--sm\">Hall advirti\u00f3 que la adaptaci\u00f3n de Alonso a los rallys de &#8216;cross country&#8217; &#8220;no ser\u00e1 f\u00e1cil&#8221; porque &#8220;el Dakar es extremadamente complicado&#8221;, pero matiz\u00f3 que es posible si realmente quiere hacerlo.<\/p>\n<p class=\"canvas-atom canvas-text Mb(1.0em) Mb(0)--sm Mt(0.8em)--sm\">&#8220;Todav\u00eda no sabemos si quiere&#8221;, indic\u00f3 Hall, quien encabeza el equipo que domina la actual edici\u00f3n del Dakar, con el piloto catar\u00ed Nasser Al-Attiyah como l\u00edder de la carrera.<\/p>\n<p class=\"canvas-atom canvas-text Mb(1.0em) Mb(0)--sm Mt(0.8em)--sm\">En opini\u00f3n de Hall, Alonso est\u00e1 en capacidad de aterrizar bien en los rallys &#8220;porque un piloto grande lo es en todos lados, y Fernando es un piloto excepcional, con unas habilidades magn\u00edficas&#8221;.<\/p>\n<p class=\"canvas-atom canvas-text Mb(1.0em) Mb(0)--sm Mt(0.8em)--sm\">&#8220;Para los rallys de &#8216;cross country&#8217; necesitas un piloto racional, capaz de ir al l\u00edmite, pensar r\u00e1pido al mismo tiempo y mantener la concentraci\u00f3n durante muchas horas&#8221;, explic\u00f3.<\/p>\n<p class=\"canvas-atom canvas-text Mb(1.0em) Mb(0)--sm Mt(0.8em)--sm\">De dar el paso, Alonso pasar\u00eda de conducir monoplazas a ponerse al volante de la Hilux de Toyota, un prototipo de tracci\u00f3n a las cuatro ruedas y unos 400 caballos de potencia con la que la marca nipona quiere ganar el Dakar por primera vez.<\/p>\n<p class=\"canvas-atom canvas-text Mb(1.0em) Mb(0)--sm Mt(0.8em)--sm\">Tambi\u00e9n cambiar\u00eda los circuitos de velocidad por el desierto, los caminos enfangados y los r\u00edos secos, escenarios in\u00e9ditos en su trayectoria deportiva y que requieren del apoyo de un copiloto que sepa de navegaci\u00f3n para poder llevar el rumbo correcto.<\/p>\n<p class=\"canvas-atom canvas-text Mb(1.0em) Mb(0)--sm Mt(0.8em)--sm\">&#8220;Si decide venir lo apoyaremos y lo ayudaremos mucho. Creo que tenemos un coche bueno y f\u00e1cil de conducir para \u00e9l&#8221;, apunt\u00f3 Hall.<\/p>\n<p class=\"canvas-atom canvas-text Mb(1.0em) Mb(0)--sm Mt(0.8em)--sm\">&#8220;Trabajaremos mucho para preparar a Fernando para una carrera como el Dakar. Durante ese per\u00edodo de entrenamiento se pueden establecer los objetivos y expectativas para el Dakar, pero es un largo camino por recorrer&#8221;, aclar\u00f3.<\/p>\n<p class=\"canvas-atom canvas-text Mb(1.0em) Mb(0)--sm Mt(0.8em)--sm\">Hall coment\u00f3 que est\u00e1 seguro de que &#8220;habr\u00e1 tiempo&#8221; para ello a pesar de que &#8220;Fernando tiene una agenda muy cargada&#8221; despu\u00e9s de haberse retirado recientemente de la F\u00f3rmula 1, ya que prev\u00e9 correr tambi\u00e9n otras disciplinas del automovilismo.<\/p>\n<p class=\"canvas-atom canvas-text Mb(1.0em) Mb(0)--sm Mt(0.8em)--sm\">Por su parte, el aventurero espa\u00f1ol Jes\u00fas Calleja, amigo de Alonso que corre el Dakar con un Hilux alquilado al equipo Toyota, coment\u00f3 a la Agencia Efe que el asturiano solo dar\u00e1 el paso si se ve capaz de ganar el Dakar.<\/p>\n<p class=\"canvas-atom canvas-text Mb(1.0em) Mb(0)--sm Mt(0.8em)--sm\">&#8220;Si ve que no puede ganarlo, ni siquiera lo intentar\u00e1. Fernando es un ganador, pero antes de decidir nada, tiene que probarlo&#8221;, dijo Calleja.<\/p>\n<p class=\"canvas-atom canvas-text Mb(1.0em) Mb(0)--sm Mt(0.8em)--sm\">El leon\u00e9s augur\u00f3 que a Alonso &#8220;le va a costar en las dunas, como a todos, pero Fernando puede hacer lo que quiera&#8221;. &#8220;Le he dicho que se va re\u00edr dentro del casco, porque el coche es una maravilla&#8221;, apunt\u00f3.<\/p>\n<p class=\"canvas-atom canvas-text Mb(1.0em) Mb(0)--sm Mt(0.8em)--sm\">Preguntado por la eventual llegada de Alonso al Dakar, el piloto espa\u00f1ol Carlos Sainz, vigente campe\u00f3n del rally, cont\u00f3 que habl\u00f3 con el asturiano antes de participar en esta nueva edici\u00f3n en Per\u00fa.<\/p>\n<div><\/div>\n<div class=\"Ov(h) Trs($transition-readmore) Mah(999999px)\">\n<p class=\"canvas-atom canvas-text Mb(1.0em) Mb(0)--sm Mt(0.8em)--sm\">&#8220;Por supuesto que lo he hablado con \u00e9l, pero son decisiones que tiene comunicar \u00e9l. Si viene, ser\u00e1 bienvenido e intentar\u00e9 apoyarle en todo lo que pueda, est\u00e9 yo corriendo o est\u00e9 sin correr&#8221;, indic\u00f3 Sainz.<\/p>\n<p class=\"canvas-atom canvas-text Mb(1.0em) Mb(0)--sm Mt(0.8em)--sm\">Con el equipo Toyota Gazoo Racing, Fernando Alonso ya se proclam\u00f3 campe\u00f3n el a\u00f1o pasado de las 24 horas de Le Mans, una de las ocho pruebas del campeonato mundial de resistencia.<\/p>\n<\/div>\n","protected":false},"excerpt":{"rendered":"<p>El jefe del equipo Toyota Gazoo Racing, Glyn Hall, reconoci\u00f3 que ya ha habido conversaciones con el representante de Alonso, pero recalc\u00f3 que &#8220;hasta ahora no hay nada cerrado oficialmente&#8221;.<\/p>\n","protected":false},"author":16,"featured_media":46943,"comment_status":"closed","ping_status":"closed","sticky":false,"template":"","format":"standard","meta":[],"categories":[2,60],"tags":[],"acf":[],"_links":{"self":[{"href":"https:\/\/colimdo.org\/wp-api\/wp\/v2\/posts\/46942"}],"collection":[{"href":"https:\/\/colimdo.org\/wp-api\/wp\/v2\/posts"}],"about":[{"href":"https:\/\/colimdo.org\/wp-api\/wp\/v2\/types\/post"}],"author":[{"embeddable":true,"href":"https:\/\/colimdo.org\/wp-api\/wp\/v2\/users\/16"}],"replies":[{"embeddable":true,"href":"https:\/\/colimdo.org\/wp-api\/wp\/v2\/comments?post=46942"}],"version-history":[{"count":1,"href":"https:\/\/colimdo.org\/wp-api\/wp\/v2\/posts\/46942\/revisions"}],"predecessor-version":[{"id":46944,"href":"https:\/\/colimdo.org\/wp-api\/wp\/v2\/posts\/46942\/revisions\/46944"}],"wp:featuredmedia":[{"embeddable":true,"href":"https:\/\/colimdo.org\/wp-api\/wp\/v2\/media\/46943"}],"wp:attachment":[{"href":"https:\/\/colimdo.org\/wp-api\/wp\/v2\/media?parent=46942"}],"wp:term":[{"taxonomy":"category","embeddable":true,"href":"https:\/\/colimdo.org\/wp-api\/wp\/v2\/categories?post=46942"},{"taxonomy":"post_tag","embeddable":true,"href":"https:\/\/colimdo.org\/wp-api\/wp\/v2\/tags?post=46942"}],"curies":[{"name":"wp","href":"https:\/\/api.w.org\/{rel}","templated":true}]}}