{"id":46945,"date":"2019-01-13T15:11:23","date_gmt":"2019-01-13T15:11:23","guid":{"rendered":"https:\/\/colimdo.org\/?p=46945"},"modified":"2019-01-13T15:11:23","modified_gmt":"2019-01-13T15:11:23","slug":"federer-retiro-murray-me-quede-shock-triste","status":"publish","type":"post","link":"https:\/\/colimdo.org\/noticias\/federer-retiro-murray-me-quede-shock-triste\/","title":{"rendered":"Federer sobre retiro de Murray: &#8220;Me qued\u00e9 en shock y triste&#8221;"},"content":{"rendered":"<p>Est\u00e1 claro que el mundo del tenis no puede estar al margen del anuncio de Andy Murray quien, en la previa del Abierto de Australia, anunci\u00f3 su retiro durante esta temporada.<\/p>\n<p>Roger Federer, ya en Melbourne, es fiel de ello. \u201cCreo que todo el mundo puede entender todo lo que lleva acumulado. Llega un momento que si sientes que no podr\u00e1s estar al 100%, m\u00e1s alguien tan exitoso como Andy, la decisi\u00f3n es m\u00e1s que entendible\u201d, explic\u00f3 el suizo en conferencia de prensa. \u201cMe qued\u00e9 un poco en shock y triste al saber que vamos a perderlo en alg\u00fan momento. Pero iremos perdiendo a todos\u2026 Solo que en este caso ya es definitivo\u201d.<\/p>\n<p>Sobre el cierre de la carrera del brit\u00e1nico, tambi\u00e9n expres\u00f3: \u201cPor supuesto, espero que pueda jugar un buen Abierto de Australia y pueda continuar y acabar como \u00e9l desear\u00eda, en Wimbledon. Es lo que realmente deseo. Es una situaci\u00f3n dura, pero si echa la vista atr\u00e1s, puedes estar orgulloso de sus logros, de todo lo conseguido\u201d.<\/p>\n<p>El helv\u00e9tico tambi\u00e9n hizo referencia a su partido debut en Melbourne: &#8220;No quiero analizar demasiado el nivel al que he jugado durante la pretemporada porque eso me podr\u00eda repercutir negativamente si ma\u00f1ana tengo un mal inicio de encuentro&#8221;, argument\u00f3 el vigente campe\u00f3n del torneo, quien se enfrentar\u00e1 en primera ronda al uzbeko Denis Istomin, 99\u00b0 clasificado en el ranking ATP.<\/p>\n<p>&#8220;S\u00e9 lo que \u00e9l hizo en el partido frente Novak. Pude ver el partido entero cuando lo venci\u00f3 hace dos a\u00f1os aqu\u00ed. Yo he jugado varios partidos muy duros contra \u00e9l en el pasado. \u00c9l puede jugar muy bien en superficie r\u00e1pida&#8221;, explic\u00f3 el campe\u00f3n de 20 t\u00edtulos del Grand Slam.<\/p>\n<p>Federer arrancar\u00e1 su recorrido en Melbourne Park este lunes en la pista Rod Laver Arena, en la que ser\u00e1 su vig\u00e9sima participaci\u00f3n en el torneo de Melbourne, desde su estreno fue en la edici\u00f3n del a\u00f1o 2000.<\/p>\n","protected":false},"excerpt":{"rendered":"<p>Roger Federer entiende que todos dejar\u00e1n el tenis en alg\u00fan punto de sus vidas, pero admite sentirse triste por la retirada de su colega. Andy Muarray<\/p>\n","protected":false},"author":16,"featured_media":46946,"comment_status":"closed","ping_status":"closed","sticky":false,"template":"","format":"standard","meta":[],"categories":[2,60],"tags":[],"acf":[],"_links":{"self":[{"href":"https:\/\/colimdo.org\/wp-api\/wp\/v2\/posts\/46945"}],"collection":[{"href":"https:\/\/colimdo.org\/wp-api\/wp\/v2\/posts"}],"about":[{"href":"https:\/\/colimdo.org\/wp-api\/wp\/v2\/types\/post"}],"author":[{"embeddable":true,"href":"https:\/\/colimdo.org\/wp-api\/wp\/v2\/users\/16"}],"replies":[{"embeddable":true,"href":"https:\/\/colimdo.org\/wp-api\/wp\/v2\/comments?post=46945"}],"version-history":[{"count":1,"href":"https:\/\/colimdo.org\/wp-api\/wp\/v2\/posts\/46945\/revisions"}],"predecessor-version":[{"id":46947,"href":"https:\/\/colimdo.org\/wp-api\/wp\/v2\/posts\/46945\/revisions\/46947"}],"wp:featuredmedia":[{"embeddable":true,"href":"https:\/\/colimdo.org\/wp-api\/wp\/v2\/media\/46946"}],"wp:attachment":[{"href":"https:\/\/colimdo.org\/wp-api\/wp\/v2\/media?parent=46945"}],"wp:term":[{"taxonomy":"category","embeddable":true,"href":"https:\/\/colimdo.org\/wp-api\/wp\/v2\/categories?post=46945"},{"taxonomy":"post_tag","embeddable":true,"href":"https:\/\/colimdo.org\/wp-api\/wp\/v2\/tags?post=46945"}],"curies":[{"name":"wp","href":"https:\/\/api.w.org\/{rel}","templated":true}]}}