{"id":46953,"date":"2019-01-13T18:46:55","date_gmt":"2019-01-13T18:46:55","guid":{"rendered":"https:\/\/colimdo.org\/?p=46953"},"modified":"2019-01-13T18:46:55","modified_gmt":"2019-01-13T18:46:55","slug":"francisco-camacho-reelecto-presidencia-taekwondo-2","status":"publish","type":"post","link":"https:\/\/colimdo.org\/noticias\/francisco-camacho-reelecto-presidencia-taekwondo-2\/","title":{"rendered":"Francisco Camacho es reelecto en presidencia de Taekwondo"},"content":{"rendered":"<p class=\"x_MsoNormal\">SANTO DOMINGO. El ingeniero Francisco Camacho fue reelecto en la presidencia de la Federaci\u00f3n Dominicana de Taekwondo en el marco de la asamblea correspondiente, celebrada este domingo en el sal\u00f3n de reuniones del Comit\u00e9 Ol\u00edmpico Dominicano.<\/p>\n<p class=\"x_MsoNormal\">Camacho \u00a0encabez\u00f3 la plancha \u201cInstitucionalidad y Progreso\u201d, la cual recibi\u00f3 el voto favorable de 24 de los 25 delegados presentes en la asamblea.<\/p>\n<p class=\"x_MsoNormal\">Adem\u00e1s de Camacho, integran el nuevo comit\u00e9 ejecutivo de la entidad que rige el taekwondo nacional Jos\u00e9 Victoriano, como primer vicepresidente; Jorge Amaury Guerrero, segundo vicepresidente; Benjam\u00edn Oscar Maldonado, secretario general; Jos\u00e9 Ram\u00f3n Paulino, co secretario;\u00a0 Rosa Amalia Almonte, tesorera; Franklin Oner Palmero, co tesorero; Manuel Emilio Ferreras, relaciones p\u00fablicas y Ram\u00f3n Terrero, secretario de Actas y Correspondencias.<\/p>\n<p class=\"x_MsoNormal\">Los se\u00f1ores Nelson Tiburcio y Napole\u00f3n P\u00e9rez, primer y segundo vocales, respectivamente.<\/p>\n<p class=\"x_MsoNormal\">La Comisi\u00f3n Electoral fue presidida por Antonio Acosta, primer vicepresidente del Comit\u00e9 Ol\u00edmpico Dominicano; Juan Vila, presidente de la Federaci\u00f3n Dominicana de Tenis de Mesa y Lester Thomas.<\/p>\n<p class=\"x_MsoNormal\">Un total de 27 asociaciones estuvieron h\u00e1biles para ejercer el derecho al voto, de las cuales se hicieron representar 25 y 24 de ellas sufragaron por la \u00fanica plancha inscriba para competir en el proceso y se registr\u00f3 un voto en blanco.<\/p>\n<p class=\"x_MsoNormal\">Esta es la tercera reelecci\u00f3n consecutiva de Francisco Camacho en la presidencia de la Federaci\u00f3n Dominicana de Taekwondo y su cuarto periodo al frente de la entidad.<\/p>\n<p class=\"x_MsoNormal\">La plancha ganadora fue ponderada por Jos\u00e9 Ram\u00f3n Paulino, presidente de la Asociaci\u00f3n de Taekwondo de la provincia Santo Domingo, quien resalt\u00f3 los logros alcanzados por este deporte desde que Camacho asumi\u00f3 la presidencia de la Federaci\u00f3n, entre los que cit\u00f3 dos medallas ol\u00edmpicas.<\/p>\n<p class=\"x_MsoNormal\">Tras el proceso de votaci\u00f3n, se procedi\u00f3 al conteo de los votos y posteriormente a la juramentaci\u00f3n del comit\u00e9 ejecutivo que tendr\u00e1 bajo su responsabilidad de la direcci\u00f3n del taekwondo nacional por los pr\u00f3ximos cuatro a\u00f1os.<\/p>\n<p class=\"x_MsoNormal\">Las Asociaciones que se hicieron representar en la Asamblea fueron las de las provincias Monse\u00f1or Noaul, Espaillat, Santiago Rodr\u00edguez, Dajab\u00f3n, La Vega, Hermanas Mirabal, Santiago, el Seybo, Monte Cristi, Duarte, Puerto Plata, Distrito Nacional, Peravia, Barahona, Bahoruco, Santo Domingo, S\u00e1nchez Ram\u00edrez, Hato Mayor y San Juan.<\/p>\n<p class=\"x_MsoNormal\">Adem\u00e1s, La Romana, Altagracia, Monte Plata, Valverde, San Pedro de Macor\u00eds y Mar\u00eda Trinidad S\u00e1nchez.<\/p>\n","protected":false},"excerpt":{"rendered":"<p>Camacho \u00a0encabez\u00f3 la plancha \u201cInstitucionalidad y Progreso\u201d, la cual recibi\u00f3 el voto favorable de 24 de los 25 delegados presentes en la asamblea.<\/p>\n","protected":false},"author":16,"featured_media":46954,"comment_status":"closed","ping_status":"closed","sticky":false,"template":"","format":"standard","meta":[],"categories":[2,60],"tags":[],"acf":[],"_links":{"self":[{"href":"https:\/\/colimdo.org\/wp-api\/wp\/v2\/posts\/46953"}],"collection":[{"href":"https:\/\/colimdo.org\/wp-api\/wp\/v2\/posts"}],"about":[{"href":"https:\/\/colimdo.org\/wp-api\/wp\/v2\/types\/post"}],"author":[{"embeddable":true,"href":"https:\/\/colimdo.org\/wp-api\/wp\/v2\/users\/16"}],"replies":[{"embeddable":true,"href":"https:\/\/colimdo.org\/wp-api\/wp\/v2\/comments?post=46953"}],"version-history":[{"count":1,"href":"https:\/\/colimdo.org\/wp-api\/wp\/v2\/posts\/46953\/revisions"}],"predecessor-version":[{"id":46955,"href":"https:\/\/colimdo.org\/wp-api\/wp\/v2\/posts\/46953\/revisions\/46955"}],"wp:featuredmedia":[{"embeddable":true,"href":"https:\/\/colimdo.org\/wp-api\/wp\/v2\/media\/46954"}],"wp:attachment":[{"href":"https:\/\/colimdo.org\/wp-api\/wp\/v2\/media?parent=46953"}],"wp:term":[{"taxonomy":"category","embeddable":true,"href":"https:\/\/colimdo.org\/wp-api\/wp\/v2\/categories?post=46953"},{"taxonomy":"post_tag","embeddable":true,"href":"https:\/\/colimdo.org\/wp-api\/wp\/v2\/tags?post=46953"}],"curies":[{"name":"wp","href":"https:\/\/api.w.org\/{rel}","templated":true}]}}