{"id":46971,"date":"2019-01-13T23:07:56","date_gmt":"2019-01-13T23:07:56","guid":{"rendered":"https:\/\/colimdo.org\/?p=46971"},"modified":"2019-01-13T23:08:19","modified_gmt":"2019-01-13T23:08:19","slug":"diego-maradona-fue-dado-alta-tras-la-operacion","status":"publish","type":"post","link":"https:\/\/colimdo.org\/noticias\/diego-maradona-fue-dado-alta-tras-la-operacion\/","title":{"rendered":"Diego Maradona fue dado de alta tras operaci\u00f3n por sangrado estomacal"},"content":{"rendered":"<p class=\"canvas-atom canvas-text Mb(1.0em) Mb(0)--sm Mt(0.8em)--sm\" style=\"margin: 0px 0px 1em; color: #000000; font-family: Georgia, 'Times New Roman', serif; font-size: 18px; font-style: normal; font-variant-ligatures: normal; font-variant-caps: normal; font-weight: 400; letter-spacing: normal; orphans: 2; text-align: start; text-indent: 0px; text-transform: none; white-space: normal; widows: 2; word-spacing: 0px; -webkit-text-stroke-width: 0px; background-color: #ffffff; text-decoration-style: initial; text-decoration-color: initial;\">Yahoo. Diego Armando Maradona\u00a0recibi\u00f3 el alta en la ma\u00f1ana de este domingo, menos de 24 horas despu\u00e9s de haber sido operado con \u00e9xito en la Cl\u00ednica Olivos a causa de un sangrado estomacal que le hab\u00edan detectado una semana atr\u00e1s.<\/p>\n<p class=\"canvas-atom canvas-text Mb(1.0em) Mb(0)--sm Mt(0.8em)--sm\" style=\"margin: 0px 0px 1em; color: #000000; font-family: Georgia, 'Times New Roman', serif; font-size: 18px; font-style: normal; font-variant-ligatures: normal; font-variant-caps: normal; font-weight: 400; letter-spacing: normal; orphans: 2; text-align: start; text-indent: 0px; text-transform: none; white-space: normal; widows: 2; word-spacing: 0px; -webkit-text-stroke-width: 0px; background-color: #ffffff; text-decoration-style: initial; text-decoration-color: initial;\">A principios de 2019, el 10 se fue a hacer un estudio de rutina en Buenos Aires antes de regresar a M\u00e9xico, donde deb\u00eda retomar su labor al frente de Dorados, de la Segunda Divisi\u00f3n de ese pa\u00eds. Todo marchaba bien hasta que\u00a0encontraron una irregularidad: un peque\u00f1o sangrado, producto de una hernia.<\/p>\n<p>Por ese motivo, Maradona regres\u00f3 a la cl\u00ednica, donde fue intervenido y\u00a0&#8220;sali\u00f3 todo perfecto&#8221;\u00a0seg\u00fan confirm\u00f3 su abogado Mat\u00edas Morla. Luego de haber recibido el alta, el Diez continuar\u00e1 con la recuperaci\u00f3n en su casa durante algunos d\u00edas, antes de viajar nuevamente rumbo a Sinaloa para retomar su labor al frente de Dorados.<\/p>\n<p>&nbsp;<\/p>\n","protected":false},"excerpt":{"rendered":"<p>El astro argentino fue intervenido con \u00e9xito en una intervenci\u00f3n programada, debido al sangrado estomacal que se le detect\u00f3 el 4 de enero.<\/p>\n","protected":false},"author":16,"featured_media":46972,"comment_status":"closed","ping_status":"closed","sticky":false,"template":"","format":"standard","meta":[],"categories":[2,60],"tags":[],"acf":[],"_links":{"self":[{"href":"https:\/\/colimdo.org\/wp-api\/wp\/v2\/posts\/46971"}],"collection":[{"href":"https:\/\/colimdo.org\/wp-api\/wp\/v2\/posts"}],"about":[{"href":"https:\/\/colimdo.org\/wp-api\/wp\/v2\/types\/post"}],"author":[{"embeddable":true,"href":"https:\/\/colimdo.org\/wp-api\/wp\/v2\/users\/16"}],"replies":[{"embeddable":true,"href":"https:\/\/colimdo.org\/wp-api\/wp\/v2\/comments?post=46971"}],"version-history":[{"count":2,"href":"https:\/\/colimdo.org\/wp-api\/wp\/v2\/posts\/46971\/revisions"}],"predecessor-version":[{"id":46974,"href":"https:\/\/colimdo.org\/wp-api\/wp\/v2\/posts\/46971\/revisions\/46974"}],"wp:featuredmedia":[{"embeddable":true,"href":"https:\/\/colimdo.org\/wp-api\/wp\/v2\/media\/46972"}],"wp:attachment":[{"href":"https:\/\/colimdo.org\/wp-api\/wp\/v2\/media?parent=46971"}],"wp:term":[{"taxonomy":"category","embeddable":true,"href":"https:\/\/colimdo.org\/wp-api\/wp\/v2\/categories?post=46971"},{"taxonomy":"post_tag","embeddable":true,"href":"https:\/\/colimdo.org\/wp-api\/wp\/v2\/tags?post=46971"}],"curies":[{"name":"wp","href":"https:\/\/api.w.org\/{rel}","templated":true}]}}