{"id":46975,"date":"2019-01-13T23:11:14","date_gmt":"2019-01-13T23:11:14","guid":{"rendered":"https:\/\/colimdo.org\/?p=46975"},"modified":"2019-01-13T23:11:14","modified_gmt":"2019-01-13T23:11:14","slug":"yankees-le-darian-toda-la-confianza-andujar-al-no-firmar-machado","status":"publish","type":"post","link":"https:\/\/colimdo.org\/noticias\/yankees-le-darian-toda-la-confianza-andujar-al-no-firmar-machado\/","title":{"rendered":"Yankees le dar\u00edan toda la confianza a And\u00fajar al no firmar a Machado"},"content":{"rendered":"<p>En semanas anteriores, muchos medios comenzaban a dar c\u00f3mo un hecho que Manny Machado estar\u00eda firmando con los Yankees\u00a0de Nueva York. Sin embargo, por alguna raz\u00f3n las negociaciones se cayeron y ahora parece ser que los Bombarderos le han dado un voto de confianza a Miguel And\u00fajar.<\/p>\n<p>Seg\u00fan informaci\u00f3n de Buster Olney de ESPN, los Yankees de Nueva York habr\u00edan desistido totalmente de firmar a Manny\u00a0Machado, d\u00e1ndole as\u00ed al segundo lugar en la votaci\u00f3n del Novato del A\u00f1o, Miguel And\u00fajar, en 2018 toda la confianza para seguir siendo el antesalista\u00a0titular durante el 2019 a pesar de sus problemas con el guante.<\/p>\n<p>A la ofensiva, el dominicano es otra historia, ya que tuvo excelentes n\u00fameros en 2018: Promedio de .297, 27 cuadrangulares y 92 carreras impulsadas.<\/p>\n<p>Adem\u00e1s, no hacer movimientos por Manny\u00a0Machado, abre la posibilidad a que los Yankees\u00a0puedan contratar a uno de los peloteros m\u00e1s completos del beisbol\u00a0c\u00f3mo lo es Nolan Arenado, qui\u00e9n se convertir\u00e1 en agente libre a partir del final de la temporada 2019.<\/p>\n<p>&nbsp;<\/p>\n","protected":false},"excerpt":{"rendered":"<p>Seg\u00fan informaci\u00f3n de Buster Olney de ESPN, los Yankees de Nueva York habr\u00edan desistido totalmente de firmar a Manny\u00a0Machado, d\u00e1ndole as\u00ed al segundo lugar en la votaci\u00f3n del Novato del A\u00f1o, Miguel And\u00fajar, en 2018 toda la confianza para seguir siendo el antesalista\u00a0titular durante el 2019 <\/p>\n","protected":false},"author":16,"featured_media":46976,"comment_status":"closed","ping_status":"closed","sticky":false,"template":"","format":"standard","meta":[],"categories":[2,60],"tags":[],"acf":[],"_links":{"self":[{"href":"https:\/\/colimdo.org\/wp-api\/wp\/v2\/posts\/46975"}],"collection":[{"href":"https:\/\/colimdo.org\/wp-api\/wp\/v2\/posts"}],"about":[{"href":"https:\/\/colimdo.org\/wp-api\/wp\/v2\/types\/post"}],"author":[{"embeddable":true,"href":"https:\/\/colimdo.org\/wp-api\/wp\/v2\/users\/16"}],"replies":[{"embeddable":true,"href":"https:\/\/colimdo.org\/wp-api\/wp\/v2\/comments?post=46975"}],"version-history":[{"count":1,"href":"https:\/\/colimdo.org\/wp-api\/wp\/v2\/posts\/46975\/revisions"}],"predecessor-version":[{"id":46977,"href":"https:\/\/colimdo.org\/wp-api\/wp\/v2\/posts\/46975\/revisions\/46977"}],"wp:featuredmedia":[{"embeddable":true,"href":"https:\/\/colimdo.org\/wp-api\/wp\/v2\/media\/46976"}],"wp:attachment":[{"href":"https:\/\/colimdo.org\/wp-api\/wp\/v2\/media?parent=46975"}],"wp:term":[{"taxonomy":"category","embeddable":true,"href":"https:\/\/colimdo.org\/wp-api\/wp\/v2\/categories?post=46975"},{"taxonomy":"post_tag","embeddable":true,"href":"https:\/\/colimdo.org\/wp-api\/wp\/v2\/tags?post=46975"}],"curies":[{"name":"wp","href":"https:\/\/api.w.org\/{rel}","templated":true}]}}