{"id":47031,"date":"2019-01-15T03:24:36","date_gmt":"2019-01-15T03:24:36","guid":{"rendered":"https:\/\/colimdo.org\/?p=47031"},"modified":"2019-01-15T03:24:50","modified_gmt":"2019-01-15T03:24:50","slug":"ofrecen-detalles-ii-clasico-la-amistad-ciclismo-2019","status":"publish","type":"post","link":"https:\/\/colimdo.org\/noticias\/ofrecen-detalles-ii-clasico-la-amistad-ciclismo-2019\/","title":{"rendered":"Ofrecen detalles II Cl\u00e1sico de la Amistad de Ciclismo 2019"},"content":{"rendered":"<p><strong>SANTO DOMINGO.-<\/strong> La segunda versi\u00f3n del Cl\u00e1sico de la Amistad de Ciclismo 2019 tendr\u00e1 a 300 pedalistas de todo el pa\u00eds, adem\u00e1s de premios met\u00e1licos por 120 mil pesos, anunci\u00f3 este lunes Emilio Valdez (El Caballito).<\/p>\n<p>El evento se correr\u00e1 el\u00a0 pr\u00f3ximo domingo 10 de febrero a partir de las 9:00 de la ma\u00f1ana, y tendr\u00e1 a la periodista Sussy Jim\u00e9nez como presidenta del Comit\u00e9 Organizador.<\/p>\n<p>Caballito asegur\u00f3 que la segunda versi\u00f3n se correr\u00e1 en la avenida Expreso\u00a0V Centenario, para de esa manera los ciclistas tengan m\u00e1s espacio.<\/p>\n<p>El segundo Cl\u00e1sico la Amistad se correr\u00e1 en cinco categor\u00edas: Elite, Juvenil, M\u00e1ster A y B, adem\u00e1s de Femenino.<\/p>\n<p>Cabe mencionar que dicha carrera tendr\u00e1 un despliegue a nivel nacional, ya que se transmitir\u00e1 en vivo por el canal del Comit\u00e9 Ol\u00edmpico Dominicano (CTV).<\/p>\n<p>\u201cNos complace anunciar la realizaci\u00f3n de este Cl\u00e1sico en que participar\u00e1n los mejores exponentes del ciclismo en nuestro pa\u00eds\u201d, dijo Caballito.<\/p>\n<p>Expres\u00f3 que la justa cuenta con el aval de la Asociaci\u00f3n de Ciclismo del Distrito Nacional y la Federaci\u00f3n Dominicana de ese deporte.<\/p>\n<p>Caballito Extern\u00f3 que el Cl\u00e1sico la Amistad es una iniciativa a favor de la juventud y el deporte de ciclismo.<\/p>\n","protected":false},"excerpt":{"rendered":"<p>El certamen se llevar\u00e1 a cabo el domingo 10 de febrero a partir de las 9:00 de la ma\u00f1ana en el expreso V Centenario.<\/p>\n","protected":false},"author":13,"featured_media":47032,"comment_status":"closed","ping_status":"closed","sticky":false,"template":"","format":"standard","meta":[],"categories":[2],"tags":[],"acf":[],"_links":{"self":[{"href":"https:\/\/colimdo.org\/wp-api\/wp\/v2\/posts\/47031"}],"collection":[{"href":"https:\/\/colimdo.org\/wp-api\/wp\/v2\/posts"}],"about":[{"href":"https:\/\/colimdo.org\/wp-api\/wp\/v2\/types\/post"}],"author":[{"embeddable":true,"href":"https:\/\/colimdo.org\/wp-api\/wp\/v2\/users\/13"}],"replies":[{"embeddable":true,"href":"https:\/\/colimdo.org\/wp-api\/wp\/v2\/comments?post=47031"}],"version-history":[{"count":1,"href":"https:\/\/colimdo.org\/wp-api\/wp\/v2\/posts\/47031\/revisions"}],"predecessor-version":[{"id":47033,"href":"https:\/\/colimdo.org\/wp-api\/wp\/v2\/posts\/47031\/revisions\/47033"}],"wp:featuredmedia":[{"embeddable":true,"href":"https:\/\/colimdo.org\/wp-api\/wp\/v2\/media\/47032"}],"wp:attachment":[{"href":"https:\/\/colimdo.org\/wp-api\/wp\/v2\/media?parent=47031"}],"wp:term":[{"taxonomy":"category","embeddable":true,"href":"https:\/\/colimdo.org\/wp-api\/wp\/v2\/categories?post=47031"},{"taxonomy":"post_tag","embeddable":true,"href":"https:\/\/colimdo.org\/wp-api\/wp\/v2\/tags?post=47031"}],"curies":[{"name":"wp","href":"https:\/\/api.w.org\/{rel}","templated":true}]}}