{"id":47044,"date":"2019-01-15T15:39:36","date_gmt":"2019-01-15T15:39:36","guid":{"rendered":"https:\/\/colimdo.org\/?p=47044"},"modified":"2019-01-15T15:39:52","modified_gmt":"2019-01-15T15:39:52","slug":"fedotenis-celebro-primer-festival-colores-2019","status":"publish","type":"post","link":"https:\/\/colimdo.org\/noticias\/fedotenis-celebro-primer-festival-colores-2019\/","title":{"rendered":"Fedotenis celebr\u00f3 su primer Festival de Colores de 2019"},"content":{"rendered":"<p>SANTO DOMINGO. La Federaci\u00f3n Dominicana de Tenis (Fedotenis) celebr\u00f3 el pasado s\u00e1bado el primero de cuatro Festivales de colores que realizar\u00e1 durante todo el a\u00f1o en el pa\u00eds.<\/p>\n<p>La actividad que forma parte del programa Junior Tennis Initiative (JTI) de la ITF, la cual fue organizada por el coach Emanuel Novas, fue realizada en las canchas de tenis del Centro Ol\u00edmpico Juan Pablo Duarte.<\/p>\n<p>Mediante este iniciativa de la ITF, la Federaci\u00f3n Dominicana de Tenis, persigue incentivar la iniciaci\u00f3n de los ni\u00f1os en este deporte, como se evidenci\u00f3 en el festival del pasado s\u00e1bado, en el cual participaron decenas de ni\u00f1os, quienes dieron sus primeros pasos en el tenis.<\/p>\n","protected":false},"excerpt":{"rendered":"<p>En el evento celebrado en el Centro Ol\u00edmpico Juan Pablo Duarte, participaron decenas de ni\u00f1os, quienes dieron sus primeros pasos en el tenis.<\/p>\n","protected":false},"author":16,"featured_media":47045,"comment_status":"closed","ping_status":"closed","sticky":false,"template":"","format":"standard","meta":[],"categories":[3,2,60],"tags":[],"acf":[],"_links":{"self":[{"href":"https:\/\/colimdo.org\/wp-api\/wp\/v2\/posts\/47044"}],"collection":[{"href":"https:\/\/colimdo.org\/wp-api\/wp\/v2\/posts"}],"about":[{"href":"https:\/\/colimdo.org\/wp-api\/wp\/v2\/types\/post"}],"author":[{"embeddable":true,"href":"https:\/\/colimdo.org\/wp-api\/wp\/v2\/users\/16"}],"replies":[{"embeddable":true,"href":"https:\/\/colimdo.org\/wp-api\/wp\/v2\/comments?post=47044"}],"version-history":[{"count":2,"href":"https:\/\/colimdo.org\/wp-api\/wp\/v2\/posts\/47044\/revisions"}],"predecessor-version":[{"id":47047,"href":"https:\/\/colimdo.org\/wp-api\/wp\/v2\/posts\/47044\/revisions\/47047"}],"wp:featuredmedia":[{"embeddable":true,"href":"https:\/\/colimdo.org\/wp-api\/wp\/v2\/media\/47045"}],"wp:attachment":[{"href":"https:\/\/colimdo.org\/wp-api\/wp\/v2\/media?parent=47044"}],"wp:term":[{"taxonomy":"category","embeddable":true,"href":"https:\/\/colimdo.org\/wp-api\/wp\/v2\/categories?post=47044"},{"taxonomy":"post_tag","embeddable":true,"href":"https:\/\/colimdo.org\/wp-api\/wp\/v2\/tags?post=47044"}],"curies":[{"name":"wp","href":"https:\/\/api.w.org\/{rel}","templated":true}]}}