{"id":47048,"date":"2019-01-15T15:58:10","date_gmt":"2019-01-15T15:58:10","guid":{"rendered":"https:\/\/colimdo.org\/?p=47048"},"modified":"2019-01-15T15:58:10","modified_gmt":"2019-01-15T15:58:10","slug":"pele-cree-mbappe-puede-heredero","status":"publish","type":"post","link":"https:\/\/colimdo.org\/noticias\/pele-cree-mbappe-puede-heredero\/","title":{"rendered":"Pel\u00e9 cree que Mbapp\u00e9 puede ser su heredero"},"content":{"rendered":"<p>EFE. El exfutbolista brasile\u00f1o Pel\u00e9 declar\u00f3 que el franc\u00e9s Kylian Mbapp\u00e9 puede ser su heredero y le pidi\u00f3 que le haga feliz ganando otro Mundial.<\/p>\n<p>&#8220;Gan\u00f3 el Mundial con 19 a\u00f1os y yo con 17. Le piqu\u00e9 dici\u00e9ndole que casi me empata. Creo que puede ser el nuevo Pel\u00e9 y no lo digo en broma&#8221;, asegur\u00f3 &#8220;O Rei&#8221; en una entrevista que este martes publica la revista francesa &#8220;France Football&#8221;.<\/p>\n<p>El exfutbolista asegur\u00f3 que tiene un mensaje personal en su tel\u00e9fono que le envi\u00f3 Mbapp\u00e9 y se sinti\u00f3 &#8220;emocionado&#8221; por ello.<\/p>\n<p>&#8220;Pero, para hacerme todav\u00eda m\u00e1s feliz, tienes que ganar otro Mundial&#8221;, asegur\u00f3 entre risas Pel\u00e9.<\/p>\n<p>El brasile\u00f1o reconoci\u00f3 tener una relaci\u00f3n particular con Neymar, que consider\u00f3 un producto de la cantera de su Santos y a quien dese\u00f3 que &#8220;pronto se convierta en el mejor&#8221; jugador del mundo.<\/p>\n<p>Pel\u00e9 critic\u00f3 que durante el pasado Mundial se tirara tanto al suelo y asegur\u00f3 que ahora Neymar aprendi\u00f3 la lecci\u00f3n.<\/p>\n<p>&#8220;Se dio a conocer por simular faltas, por complicar la vida a los \u00e1rbitros. Por eso su imagen fue negativa. Hemos hablado varias veces. Tambi\u00e9n hablo con su padre. Creo que ahora lo ha entendido. Es, sin duda, uno de los mejores jugadores del mundo y espero que pronto sea el mejor&#8221;, se\u00f1al\u00f3.<\/p>\n","protected":false},"excerpt":{"rendered":"<p>&#8220;Gan\u00f3 el Mundial con 19 a\u00f1os y yo con 17. Le piqu\u00e9 dici\u00e9ndole que casi me empata. Creo que puede ser el nuevo Pel\u00e9 y no lo digo en broma&#8221;, asegur\u00f3 &#8220;O Rei&#8221; en una entrevista que este martes publica la revista francesa &#8220;France Football&#8221;.<\/p>\n","protected":false},"author":16,"featured_media":47050,"comment_status":"closed","ping_status":"closed","sticky":false,"template":"","format":"standard","meta":[],"categories":[2,60],"tags":[],"acf":[],"_links":{"self":[{"href":"https:\/\/colimdo.org\/wp-api\/wp\/v2\/posts\/47048"}],"collection":[{"href":"https:\/\/colimdo.org\/wp-api\/wp\/v2\/posts"}],"about":[{"href":"https:\/\/colimdo.org\/wp-api\/wp\/v2\/types\/post"}],"author":[{"embeddable":true,"href":"https:\/\/colimdo.org\/wp-api\/wp\/v2\/users\/16"}],"replies":[{"embeddable":true,"href":"https:\/\/colimdo.org\/wp-api\/wp\/v2\/comments?post=47048"}],"version-history":[{"count":1,"href":"https:\/\/colimdo.org\/wp-api\/wp\/v2\/posts\/47048\/revisions"}],"predecessor-version":[{"id":47052,"href":"https:\/\/colimdo.org\/wp-api\/wp\/v2\/posts\/47048\/revisions\/47052"}],"wp:featuredmedia":[{"embeddable":true,"href":"https:\/\/colimdo.org\/wp-api\/wp\/v2\/media\/47050"}],"wp:attachment":[{"href":"https:\/\/colimdo.org\/wp-api\/wp\/v2\/media?parent=47048"}],"wp:term":[{"taxonomy":"category","embeddable":true,"href":"https:\/\/colimdo.org\/wp-api\/wp\/v2\/categories?post=47048"},{"taxonomy":"post_tag","embeddable":true,"href":"https:\/\/colimdo.org\/wp-api\/wp\/v2\/tags?post=47048"}],"curies":[{"name":"wp","href":"https:\/\/api.w.org\/{rel}","templated":true}]}}