{"id":47049,"date":"2019-01-15T15:58:55","date_gmt":"2019-01-15T15:58:55","guid":{"rendered":"https:\/\/colimdo.org\/?p=47049"},"modified":"2019-01-15T15:59:15","modified_gmt":"2019-01-15T15:59:15","slug":"destacan-labor-polon-munoz-deporte-aniversario-fallecimiento","status":"publish","type":"post","link":"https:\/\/colimdo.org\/noticias\/destacan-labor-polon-munoz-deporte-aniversario-fallecimiento\/","title":{"rendered":"Destacan labor Pol\u00f3n Mu\u00f1oz en el deporte en aniversario fallecimiento"},"content":{"rendered":"<p><strong>SANTO DOMINGO.-<\/strong> El ingeniero Roque Napole\u00f3n Mu\u00f1oz fue un gran propulsor de la filosof\u00eda ol\u00edmpica y las buenas pr\u00e1cticas en todo el sentido de la palabra.<\/p>\n<p><span style=\"font-style: inherit; font-weight: inherit;\">La afirmaci\u00f3n fue hecha por el licenciado Luis Mej\u00eda Oviedo, presidente del Comit\u00e9 Ol\u00edmpico Dominicano (COD), quien junto a do\u00f1a Aleida Benedicto viuda Mu\u00f1oz, familiares y dirigentes ol\u00edmpicos, encabezaron el lunes una eucarist\u00eda celebrada en la parroquia San Antonio Mar\u00eda Claret, en honor al finado Pol\u00f3n Mu\u00f1oz.<\/span><\/p>\n<p><span style=\"font-style: inherit; font-weight: inherit;\">Mej\u00eda destac\u00f3 las cualidades que en vida exhibi\u00f3 el ingeniero Mu\u00f1oz, un dilatado dirigente que fue presidente del COD y ocup\u00f3 varios puestos como dirigente a nivel internacional.<\/span><\/p>\n<p><span style=\"font-style: inherit; font-weight: inherit;\">\u201cHoy estamos recordando a Pol\u00f3n junto a su familia como lo hacemos cada a\u00f1o por el legado como dirigente que nos ha dejado\u201d, dijo el m\u00e1ximo dirigente ol\u00edmpico al t\u00e9rmino del oficio religioso presidido por el padre Juan Carlos Monrroe.<\/span><\/p>\n<p><span style=\"font-style: inherit; font-weight: inherit;\">En la misa estuvieron presentes, adem\u00e1s de Mej\u00eda y la se\u00f1ora Benedicto viuda Mu\u00f1oz, quien estuvo acompa\u00f1ada de varios de sus hijos y nietos, tambi\u00e9n los se\u00f1ores Rafael Villalona, Gilberto Garc\u00eda, Nelson Ram\u00edrez, Luis Chanlatte, Gerardo Suero Correa, miembros del Comit\u00e9 Ejecutivo del COD, as\u00ed como Jos\u00e9 Manuel Ramos, Radham\u00e9s Tavarez, Rafael Damir\u00f3n y Mois\u00e9s Lembert, entre otros.<\/span><\/p>\n<p><span style=\"font-style: inherit; font-weight: inherit;\">El ingeniero Pol\u00f3n Mu\u00f1oz falleci\u00f3 el 15 de enero de 2011, a la edad de 83 a\u00f1os.<\/span><\/p>\n<p><span style=\"font-style: inherit; font-weight: inherit;\">Fue miembro del COI desde 1983 hasta 2008. Tambi\u00e9n fue tesorero de la Organizaci\u00f3n Deportiva Centroamericana y del Caribe (ODECABE) y form\u00f3 parte del comit\u00e9 ejecutivo de la Organizaci\u00f3n Deportiva Panamericana (ODEPA), organismo que le rindi\u00f3 honor en dos ocasiones entreg\u00e1ndole el Collar Panamericano y el Bot\u00f3n Panamericano.<\/span><\/p>\n<p><span style=\"font-style: inherit; font-weight: inherit;\">Fue un gran luchador por la institucionalizaci\u00f3n de los Juegos Deportivos Nacionales y defensor de los ideales ol\u00edmpicos. Presidi\u00f3 el Comit\u00e9 Organizador de los Juegos Deportivos Nacionales de 1977.<\/span><\/p>\n<p><span style=\"font-style: inherit; font-weight: inherit;\">Fue un gran propulsor de la organizaci\u00f3n del movimiento deportivo dominicano, especialmente de los clubes. Cumpli\u00f3 con m\u00faltiples misiones en el COI, donde fue miembro de la Comisi\u00f3n de Cultura y Educaci\u00f3n Ol\u00edmpica y Solidaridad Ol\u00edmpica.<\/span><\/p>\n","protected":false},"excerpt":{"rendered":"<p>La eucarist\u00eda se llev\u00f3 a cabo el lunes en la parroquia San Antonio Mar\u00eda Claret, donde acudieron dirigentes ol\u00edmpicos y familiares en el octavo aniversario de su fallecimiento.<\/p>\n","protected":false},"author":13,"featured_media":47051,"comment_status":"closed","ping_status":"closed","sticky":false,"template":"","format":"standard","meta":[],"categories":[2],"tags":[],"acf":[],"_links":{"self":[{"href":"https:\/\/colimdo.org\/wp-api\/wp\/v2\/posts\/47049"}],"collection":[{"href":"https:\/\/colimdo.org\/wp-api\/wp\/v2\/posts"}],"about":[{"href":"https:\/\/colimdo.org\/wp-api\/wp\/v2\/types\/post"}],"author":[{"embeddable":true,"href":"https:\/\/colimdo.org\/wp-api\/wp\/v2\/users\/13"}],"replies":[{"embeddable":true,"href":"https:\/\/colimdo.org\/wp-api\/wp\/v2\/comments?post=47049"}],"version-history":[{"count":1,"href":"https:\/\/colimdo.org\/wp-api\/wp\/v2\/posts\/47049\/revisions"}],"predecessor-version":[{"id":47053,"href":"https:\/\/colimdo.org\/wp-api\/wp\/v2\/posts\/47049\/revisions\/47053"}],"wp:featuredmedia":[{"embeddable":true,"href":"https:\/\/colimdo.org\/wp-api\/wp\/v2\/media\/47051"}],"wp:attachment":[{"href":"https:\/\/colimdo.org\/wp-api\/wp\/v2\/media?parent=47049"}],"wp:term":[{"taxonomy":"category","embeddable":true,"href":"https:\/\/colimdo.org\/wp-api\/wp\/v2\/categories?post=47049"},{"taxonomy":"post_tag","embeddable":true,"href":"https:\/\/colimdo.org\/wp-api\/wp\/v2\/tags?post=47049"}],"curies":[{"name":"wp","href":"https:\/\/api.w.org\/{rel}","templated":true}]}}