{"id":47065,"date":"2019-01-15T22:04:01","date_gmt":"2019-01-15T22:04:01","guid":{"rendered":"https:\/\/colimdo.org\/?p=47065"},"modified":"2019-01-15T22:04:01","modified_gmt":"2019-01-15T22:04:01","slug":"turquia-pedira-extradicion-jugador-la-nba","status":"publish","type":"post","link":"https:\/\/colimdo.org\/noticias\/turquia-pedira-extradicion-jugador-la-nba\/","title":{"rendered":"Turqu\u00eda pedir\u00e1 extradici\u00f3n de jugador de la NBA"},"content":{"rendered":"<p>Ankara (EFE) &#8211; La Fiscal\u00eda turca est\u00e1 preparando una solicitud de extradici\u00f3n del baloncestista turco\u00a0Enes Kanter, actualmente p\u00edvot de los\u00a0New York Knicks, y tiene previsto emitir a trav\u00e9s de Interpol un &#8216;bolet\u00edn rojo&#8217; para su detenci\u00f3n, inform\u00f3 este martes la agencia turca Anadolu.<\/p>\n<p>El escrito de extradici\u00f3n acusa a Kanter de &#8220;ser miembro de una organizaci\u00f3n terrorista armada&#8221;, en referencia a la cofrad\u00eda del predicador turco Fethullah G\u00fclen, exiliado en Pensilvania.<\/p>\n<p>El Gobierno turco considera a G\u00fclen instigador del fallido golpe de Estado militar de julio de 2016, algo que \u00e9l niega, por lo que considera a la cofrad\u00eda una &#8220;organizaci\u00f3n terrorista&#8221; y acusa a todos sus seguidores o simpatizantes de ser miembros de una &#8220;organizaci\u00f3n armada&#8221;.<\/p>\n<p>Turqu\u00eda exige la extradici\u00f3n de 84 personas exiliadas en EEUU que considera miembros de la cofrad\u00eda, entre ellos el propio G\u00fclen, pero la Judicatura estadounidense no ha detenido a ninguno de ellos, por no considerar suficiente el material incriminatorio.<\/p>\n<p>Esta acusaci\u00f3n contra Kanter se suma a otra por &#8220;insultos al presidente&#8221; de Turqu\u00eda, Recep Tayyip Erdogan, supuestamente cometidos en la red Twitter en primavera de 2016, por lo que la Fiscal\u00eda pide 4 a\u00f1os de c\u00e1rcel.<\/p>\n<p>Turqu\u00eda revoc\u00f3 el pasaporte de baloncestista en 2017, lo que motiv\u00f3 que Kanter fuera retenido en mayo pasado al llegar a Ruman\u00eda y tuviera que volver a Estados Unidos.<\/p>\n<p>Adem\u00e1s, los Knicks confirmaron a inicios del mes que Kanter no viajar\u00e1 a Londres este jueves con el equipo &#8220;por problemas de visado&#8221;.<\/p>\n<p>El propio Kanter descart\u00f3 en diciembre preocuparse por las acusaciones que llegan desde Turqu\u00eda y tild\u00f3 de &#8220;man\u00edaco&#8221; a Erdogan.<\/p>\n<p>&#8220;Esas cosas realmente no me preocupan, porque estoy acostumbrado. No significa nada para m\u00ed. Estoy en Estados Unidos&#8221;, dijo el jugador a la prensa estadounidense.<\/p>\n","protected":false},"excerpt":{"rendered":"<p>La Fiscal\u00eda turca est\u00e1 preparando una solicitud de extradici\u00f3n del baloncestista turco\u00a0Enes Kanter, actualmente p\u00edvot de los\u00a0New York Knicks.<\/p>\n","protected":false},"author":16,"featured_media":47066,"comment_status":"closed","ping_status":"closed","sticky":false,"template":"","format":"standard","meta":[],"categories":[2,60],"tags":[],"acf":[],"_links":{"self":[{"href":"https:\/\/colimdo.org\/wp-api\/wp\/v2\/posts\/47065"}],"collection":[{"href":"https:\/\/colimdo.org\/wp-api\/wp\/v2\/posts"}],"about":[{"href":"https:\/\/colimdo.org\/wp-api\/wp\/v2\/types\/post"}],"author":[{"embeddable":true,"href":"https:\/\/colimdo.org\/wp-api\/wp\/v2\/users\/16"}],"replies":[{"embeddable":true,"href":"https:\/\/colimdo.org\/wp-api\/wp\/v2\/comments?post=47065"}],"version-history":[{"count":1,"href":"https:\/\/colimdo.org\/wp-api\/wp\/v2\/posts\/47065\/revisions"}],"predecessor-version":[{"id":47067,"href":"https:\/\/colimdo.org\/wp-api\/wp\/v2\/posts\/47065\/revisions\/47067"}],"wp:featuredmedia":[{"embeddable":true,"href":"https:\/\/colimdo.org\/wp-api\/wp\/v2\/media\/47066"}],"wp:attachment":[{"href":"https:\/\/colimdo.org\/wp-api\/wp\/v2\/media?parent=47065"}],"wp:term":[{"taxonomy":"category","embeddable":true,"href":"https:\/\/colimdo.org\/wp-api\/wp\/v2\/categories?post=47065"},{"taxonomy":"post_tag","embeddable":true,"href":"https:\/\/colimdo.org\/wp-api\/wp\/v2\/tags?post=47065"}],"curies":[{"name":"wp","href":"https:\/\/api.w.org\/{rel}","templated":true}]}}