{"id":47082,"date":"2019-01-16T03:20:36","date_gmt":"2019-01-16T03:20:36","guid":{"rendered":"https:\/\/colimdo.org\/?p=47082"},"modified":"2019-01-16T03:20:54","modified_gmt":"2019-01-16T03:20:54","slug":"laia-sanz-llega-la-recta-final-del-dakar-modo-supervivencia","status":"publish","type":"post","link":"https:\/\/colimdo.org\/noticias\/laia-sanz-llega-la-recta-final-del-dakar-modo-supervivencia\/","title":{"rendered":"Laia Sanz llega a la recta final del Dakar &#8220;en modo supervivencia&#8221;"},"content":{"rendered":"<p><strong>Pisco (Per\u00fa). (EFE).<\/strong>&#8211; La motociclista espa\u00f1ola Laia Sanz asegur\u00f3 este martes que llega a las dos \u00faltimas etapas del Dakar &#8220;en modo supervivencia&#8221; por el cansancio acumulado, al que har\u00e1 frente para seguir ascendiendo posiciones tras haberse situado en el decimotercer lugar de la clasificaci\u00f3n general de motos.<\/p>\n<p>&#8220;Estoy pagando la falta de preparaci\u00f3n, pero hago todo lo que puedo por seguir y pasar las etapas lo mejor posible. Lo estoy dando todo. Estar la decimotercera es incre\u00edble&#8221;, valor\u00f3 Sanz, que lleg\u00f3 al Dakar sin apenas entrenamiento tras varios meses enferma por una infecci\u00f3n v\u00edrica y bacteriol\u00f3gica.<\/p>\n<p>La catalana termin\u00f3 decimonovena la octava etapa del Dakar, que se disput\u00f3 entre San Juan de Marcona y Pisco, en Per\u00fa, con un recorrido de 575 kil\u00f3metros, de los que 360 eran cronometrados, y con una salida en la que se intercalaron los diez coches, diez motos y cinco camiones que hicieron los mejores tiempos en la v\u00edspera.<\/p>\n<p>&#8220;Hoy era muy peligroso. La primera parte estaba muy rota, con mucho fesh-fesh (arena muy fina) y, por si fuera poco, con niebla&#8221;, advirti\u00f3 Sanz, que corre el Dakar por novena vez con el r\u00e9cord de cero abandonos en sus anteriores ocho participaciones.<\/p>\n<p>&#8220;Por eso he decidido tom\u00e1rmelo con mucha calma. Luego me he encontrado a (Ricky) Brabec parado; m\u00e1s tarde, a (Stefan) Svitko igual; as\u00ed que he pensado en la clasificaci\u00f3n y en que lo importante era llegar hasta el final&#8221;, agreg\u00f3.<\/p>\n<p>Precisamente el abandono del estadounidense Brabec ha sido uno de los factores que ha permitido a la catalana seguir ascendido posiciones en la general.<\/p>\n<p>&#8220;La segunda parte me ha gustado mucho. Quiz\u00e1 es la secci\u00f3n de carrera que m\u00e1s me ha gustado de todo este Dakar, con mucha arena, y he corrido m\u00e1s&#8221;, relat\u00f3 Sanz.<\/p>\n<p>La piloto manifest\u00f3 su apoyo al australiano Toby Price (KTM), su compa\u00f1ero de equipo que este martes se situ\u00f3 como l\u00edder del Dakar en motos. &#8220;Ha sufrido una ca\u00edda, ha llegado con mucho dolor, pero ah\u00ed est\u00e1 liderando la carrera y con todas las opciones. Espero que lo consiga porque tiene un m\u00e9rito enorme&#8221;, concluy\u00f3 Sanz.<\/p>\n<p>La catalana se enfrentar\u00e1 este mi\u00e9rcoles a la novena etapa, con inicio y final en Pisco, y con un recorrido de 409 kil\u00f3metros, de los que 313 ser\u00e1n cronometrados.<\/p>\n","protected":false},"excerpt":{"rendered":"<p>La catalana se enfrentar\u00e1 este mi\u00e9rcoles a la novena etapa, con inicio y final en Pisco, y con un recorrido de 409 kil\u00f3metros.<\/p>\n","protected":false},"author":13,"featured_media":47083,"comment_status":"closed","ping_status":"closed","sticky":false,"template":"","format":"standard","meta":[],"categories":[2],"tags":[],"acf":[],"_links":{"self":[{"href":"https:\/\/colimdo.org\/wp-api\/wp\/v2\/posts\/47082"}],"collection":[{"href":"https:\/\/colimdo.org\/wp-api\/wp\/v2\/posts"}],"about":[{"href":"https:\/\/colimdo.org\/wp-api\/wp\/v2\/types\/post"}],"author":[{"embeddable":true,"href":"https:\/\/colimdo.org\/wp-api\/wp\/v2\/users\/13"}],"replies":[{"embeddable":true,"href":"https:\/\/colimdo.org\/wp-api\/wp\/v2\/comments?post=47082"}],"version-history":[{"count":1,"href":"https:\/\/colimdo.org\/wp-api\/wp\/v2\/posts\/47082\/revisions"}],"predecessor-version":[{"id":47084,"href":"https:\/\/colimdo.org\/wp-api\/wp\/v2\/posts\/47082\/revisions\/47084"}],"wp:featuredmedia":[{"embeddable":true,"href":"https:\/\/colimdo.org\/wp-api\/wp\/v2\/media\/47083"}],"wp:attachment":[{"href":"https:\/\/colimdo.org\/wp-api\/wp\/v2\/media?parent=47082"}],"wp:term":[{"taxonomy":"category","embeddable":true,"href":"https:\/\/colimdo.org\/wp-api\/wp\/v2\/categories?post=47082"},{"taxonomy":"post_tag","embeddable":true,"href":"https:\/\/colimdo.org\/wp-api\/wp\/v2\/tags?post=47082"}],"curies":[{"name":"wp","href":"https:\/\/api.w.org\/{rel}","templated":true}]}}