{"id":47103,"date":"2019-01-16T16:19:28","date_gmt":"2019-01-16T16:19:28","guid":{"rendered":"https:\/\/colimdo.org\/?p=47103"},"modified":"2019-01-16T16:19:28","modified_gmt":"2019-01-16T16:19:28","slug":"ejecutivos-los-mets-realizaron-visita-academia-boca-chica","status":"publish","type":"post","link":"https:\/\/colimdo.org\/noticias\/ejecutivos-los-mets-realizaron-visita-academia-boca-chica\/","title":{"rendered":"Ejecutivos de los Mets realizaron visita a academia de Boca Chica"},"content":{"rendered":"<p class=\"x_MsoNormal\"><b><span lang=\"ES-MX\">Rep\u00fablica Dominicana<\/span><\/b><span lang=\"ES-MX\">.- Los altos ejecutivos de los Mets de Nueva York realizaron<\/span><span lang=\"ES-MX\">\u00a0este martes su acostumbrada visita a la academia del equipo en el pa\u00eds, ubicada en la carretera Jatubey del municipio Boca Chica, con el inter\u00e9s de ver a los prospectos del equipo en el complejo deportivo.<\/span><\/p>\n<p class=\"x_MsoNormal\"><span lang=\"ES-MX\">Los directivos de la franquicia neoyorquina supervisan a los prospectos que se preparan con miras a los campos de entrenamientos de la primavera y para la temporada 2019.<\/span><\/p>\n<div id=\"attachment_47104\" style=\"width: 1034px\" class=\"wp-caption alignnone\"><img aria-describedby=\"caption-attachment-47104\" decoding=\"async\" loading=\"lazy\" class=\"size-large wp-image-47104\" src=\"https:\/\/storage.googleapis.com\/colimdo-media\/2019\/01\/488f2899-pb0_9842-1024x684.jpg\" alt=\"\" width=\"1024\" height=\"684\" srcset=\"https:\/\/colimdo.org\/wp-content\/uploads\/2019\/01\/488f2899-pb0_9842-1024x684.jpg 1024w, https:\/\/colimdo.org\/wp-content\/uploads\/2019\/01\/488f2899-pb0_9842-300x200.jpg 300w, https:\/\/colimdo.org\/wp-content\/uploads\/2019\/01\/488f2899-pb0_9842-768x513.jpg 768w, https:\/\/colimdo.org\/wp-content\/uploads\/2019\/01\/488f2899-pb0_9842-273x182.jpg 273w, https:\/\/colimdo.org\/wp-content\/uploads\/2019\/01\/488f2899-pb0_9842-290x194.jpg 290w, https:\/\/colimdo.org\/wp-content\/uploads\/2019\/01\/488f2899-pb0_9842-285x190.jpg 285w, https:\/\/colimdo.org\/wp-content\/uploads\/2019\/01\/488f2899-pb0_9842-340x227.jpg 340w, https:\/\/colimdo.org\/wp-content\/uploads\/2019\/01\/488f2899-pb0_9842-356x238.jpg 356w, https:\/\/colimdo.org\/wp-content\/uploads\/2019\/01\/488f2899-pb0_9842-593x396.jpg 593w, https:\/\/colimdo.org\/wp-content\/uploads\/2019\/01\/488f2899-pb0_9842-165x110.jpg 165w, https:\/\/colimdo.org\/wp-content\/uploads\/2019\/01\/488f2899-pb0_9842-800x534.jpg 800w, https:\/\/colimdo.org\/wp-content\/uploads\/2019\/01\/488f2899-pb0_9842-587x391.jpg 587w\" sizes=\"(max-width: 1024px) 100vw, 1024px\" \/><p id=\"caption-attachment-47104\" class=\"wp-caption-text\">Visita de plana mayor de los Mets a las instalaciones de Boca Chica.<\/p><\/div>\n<p class=\"x_MsoNormal\"><span lang=\"ES-MX\">En esta ocasi\u00f3n, la comitiva estuvo acompa\u00f1ada de los reconocidos jugadores pertenecientes al equipo en Grandes Ligas, como el segunda base, Robinson Can\u00f3; el jardinero Juan Lagares, el lanzador Jeurys Familia y el torpedero Amed Rosario.<\/span><\/p>\n<p class=\"x_MsoNormal\"><span lang=\"ES-MX\">El grupo lo encabezan los propietarios de la organizaci\u00f3n Fred Wilpon y Jeff Wilpon; Brodie Van Wagenen, gerente general; Omar Minaya, asistente especial\u00a0del\u00a0gerente general; Allard Baird, vice presidente Scouting &amp; Desarrollo y John Ricco, vice presidente de operaciones de baseball.<\/span><\/p>\n<p class=\"x_MsoNormal\"><span lang=\"ES-MX\">Adem\u00e1s Juan Henderson, Director de Operaciones de la academia; Mickey Callaway, dirigente del equipo de Grandes Ligas y Jared Banner, director ejecutivo de las Ligas Menores.<\/span><\/p>\n<p class=\"x_MsoNormal\"><span lang=\"ES-MX\">Los altos ejecutivos de los Mets, luego de su paso por la academia, estar\u00e1n en La Romana, visitando el orfanato Ni\u00f1os de Cristo, al cual realizar\u00e1n un aporte en favor de los ni\u00f1os que all\u00ed habitan.<\/span><\/p>\n<p class=\"x_MsoNormal\"><span lang=\"ES-MX\">Este orfanato fundado en 1993, alberga a hu\u00e9rfanos y ni\u00f1os, independientemente de su nacionalidad, que han sido v\u00edctimas de abuso, con la misi\u00f3n de mejorar sus vidas y proporcionarles un hogar, salud y educaci\u00f3n.<\/span><\/p>\n<p class=\"x_MsoNormal\"><span lang=\"ES-MX\">En ese sentido, llevaron la ayuda para que contin\u00fae el desarrollo de esos ni\u00f1os desamparados, adem\u00e1s de entregarles souvenires del equipo de las Grandes Ligas.<\/span><\/p>\n","protected":false},"excerpt":{"rendered":"<p>Los directivos de la franquicia neoyorquina supervisan a los prospectos que se preparan con miras a los campos de entrenamientos de la primavera y para la temporada 2019.<\/p>\n","protected":false},"author":16,"featured_media":47104,"comment_status":"closed","ping_status":"closed","sticky":false,"template":"","format":"standard","meta":[],"categories":[2,60],"tags":[],"acf":[],"_links":{"self":[{"href":"https:\/\/colimdo.org\/wp-api\/wp\/v2\/posts\/47103"}],"collection":[{"href":"https:\/\/colimdo.org\/wp-api\/wp\/v2\/posts"}],"about":[{"href":"https:\/\/colimdo.org\/wp-api\/wp\/v2\/types\/post"}],"author":[{"embeddable":true,"href":"https:\/\/colimdo.org\/wp-api\/wp\/v2\/users\/16"}],"replies":[{"embeddable":true,"href":"https:\/\/colimdo.org\/wp-api\/wp\/v2\/comments?post=47103"}],"version-history":[{"count":1,"href":"https:\/\/colimdo.org\/wp-api\/wp\/v2\/posts\/47103\/revisions"}],"predecessor-version":[{"id":47105,"href":"https:\/\/colimdo.org\/wp-api\/wp\/v2\/posts\/47103\/revisions\/47105"}],"wp:featuredmedia":[{"embeddable":true,"href":"https:\/\/colimdo.org\/wp-api\/wp\/v2\/media\/47104"}],"wp:attachment":[{"href":"https:\/\/colimdo.org\/wp-api\/wp\/v2\/media?parent=47103"}],"wp:term":[{"taxonomy":"category","embeddable":true,"href":"https:\/\/colimdo.org\/wp-api\/wp\/v2\/categories?post=47103"},{"taxonomy":"post_tag","embeddable":true,"href":"https:\/\/colimdo.org\/wp-api\/wp\/v2\/tags?post=47103"}],"curies":[{"name":"wp","href":"https:\/\/api.w.org\/{rel}","templated":true}]}}