{"id":47136,"date":"2019-01-17T03:19:01","date_gmt":"2019-01-17T03:19:01","guid":{"rendered":"https:\/\/colimdo.org\/?p=47136"},"modified":"2019-01-17T03:19:09","modified_gmt":"2019-01-17T03:19:09","slug":"inefi-celebra-varias-actividades-xxi-aniversario-fundacion","status":"publish","type":"post","link":"https:\/\/colimdo.org\/noticias\/inefi-celebra-varias-actividades-xxi-aniversario-fundacion\/","title":{"rendered":"INEFI celebra varias actividades en XXI aniversario de su fundaci\u00f3n"},"content":{"rendered":"<p><strong>SANTO DOMINGO.<\/strong> Con diversos actos, el Instituto Nacional de Educaci\u00f3n F\u00edsica (INEFI) celebr\u00f3 este mi\u00e9rcoles el XXI aniversario de su creaci\u00f3n mediante la Ley 33-98, lo cual incluy\u00f3 una misa de acci\u00f3n de gracias en la Catedral Primada de Am\u00e9rica, una ofrenda floral en el Altar de la Patria y un almuerzo para sus empleados en un hotel de la capital.<\/p>\n<p>Las actividades fueron encabezadas por el director ejecutivo de la entidad, el ingeniero Jorge Minaya.<\/p>\n<p>El acto religioso fue oficiado por el padre Nelson Clark y cont\u00f3 con la presencia de Niurka Herrera, directora de deporte escolar del Ministerio de Deportes (MIDEREC); Cristina Rivas, vicerrectora del Instituto de Formaci\u00f3n Docente Salome Ure\u00f1a (ISFODOSU) y Francis Hern\u00e1ndez, regidor del Distrito Nacional, entre otros representantes de distintas instituciones del Estado.<\/p>\n<p>Adem\u00e1s, Nelson Acevedo, Rom\u00e1n Celedonio, C\u00e9sar Ger\u00f3nimo y William Tapia, subdirectores de la instituci\u00f3n, as\u00ed como directores zonales y empleados del INEFI. Tambi\u00e9n, alumnos de las escuelas p\u00fablicas Divina Pastora, Rep\u00fablica de Brasil, y General Antonio Duverg\u00e9.<\/p>\n<p>Minaya indic\u00f3 que el INEFI se encuentra en un proceso de fortalecimiento institucional y que el mismo lo llena de orgullo, se\u00f1alando que con ese trabajo se ha podido elevar la calidad de la ense\u00f1anza.<\/p>\n<p>Destac\u00f3 que este a\u00f1o se dan pasos importantes dentro de la reestructuraci\u00f3n interna de la instituci\u00f3n, como es la terminaci\u00f3n de las nuevas instalaciones de la sede central, equipadas con la tecnolog\u00eda de punta y la modernidad que exigen los nuevos tiempos, lo cual facilitar\u00e1 el trabajo de las distintas \u00e1reas en beneficio del sector educativo.<\/p>\n<p>Asimismo, entrar\u00e1n en vigencia los diversos convenios interinstitucionales firmados en el 2018, al igual que ser\u00e1n aplicados nuevos programas y proyectos, a fin de elevar la calidad y el desarrollo de la educaci\u00f3n f\u00edsica y el deporte escolar, en consonancia con la revoluci\u00f3n educativa que lleva a cabo el Gobierno dominicano.<\/p>\n<p>El ingeniero Minaya agradeci\u00f3 a los docentes de educaci\u00f3n f\u00edsica que laboran cada d\u00eda en las escuelas, defini\u00e9ndolos como \u201cguerreros\u201d y felicit\u00e1ndolos por el arduo trabajo que realizan cada d\u00eda.<\/p>\n<p>Al concluir la misa, el personal del INEFI se traslad\u00f3 desde la catedral hacia el Altar de la Patria, donde deposit\u00f3 una ofrenda floral en honor a los Padres de la Patria.<\/p>\n<p>La banda de m\u00fasica del Cuerpo de Bomberos del Distrito Nacional interpret\u00f3 el himno nacional dominicano, adem\u00e1s de la marcha Luper\u00f3n y la marcha drag\u00f3n volador.<\/p>\n<p>Concluida la actividad, los ejecutivos de INEFI compartieron un almuerzo con los empleados de la instituci\u00f3n en un hotel capitalino.<\/p>\n<p>Este a\u00f1o el INEFI se prepara hacia la celebraci\u00f3n de los IX Juegos Escolares Deportivos Nacionales, que tendr\u00e1n como sede la provincia Monte Plata, tambi\u00e9n unir\u00e1n en este 2019 el Festival Nacional de Marcha Escolar, el Festival de Gimnasia y el Campamento Divertido, entre otras actividades, cuyo objetivo es fortalecer la educaci\u00f3n f\u00edsica y el deporte escolar.<\/p>\n","protected":false},"excerpt":{"rendered":"<p>En el a\u00f1o de Juegos Escolares, el Instituto Nacional de Educaci\u00f3n F\u00edsica (INEFI) llev\u00f3 a cabo una misa y una ofrenda floral en el Altar de la Patria.<\/p>\n","protected":false},"author":13,"featured_media":47137,"comment_status":"closed","ping_status":"closed","sticky":false,"template":"","format":"standard","meta":[],"categories":[2],"tags":[],"acf":[],"_links":{"self":[{"href":"https:\/\/colimdo.org\/wp-api\/wp\/v2\/posts\/47136"}],"collection":[{"href":"https:\/\/colimdo.org\/wp-api\/wp\/v2\/posts"}],"about":[{"href":"https:\/\/colimdo.org\/wp-api\/wp\/v2\/types\/post"}],"author":[{"embeddable":true,"href":"https:\/\/colimdo.org\/wp-api\/wp\/v2\/users\/13"}],"replies":[{"embeddable":true,"href":"https:\/\/colimdo.org\/wp-api\/wp\/v2\/comments?post=47136"}],"version-history":[{"count":1,"href":"https:\/\/colimdo.org\/wp-api\/wp\/v2\/posts\/47136\/revisions"}],"predecessor-version":[{"id":47138,"href":"https:\/\/colimdo.org\/wp-api\/wp\/v2\/posts\/47136\/revisions\/47138"}],"wp:featuredmedia":[{"embeddable":true,"href":"https:\/\/colimdo.org\/wp-api\/wp\/v2\/media\/47137"}],"wp:attachment":[{"href":"https:\/\/colimdo.org\/wp-api\/wp\/v2\/media?parent=47136"}],"wp:term":[{"taxonomy":"category","embeddable":true,"href":"https:\/\/colimdo.org\/wp-api\/wp\/v2\/categories?post=47136"},{"taxonomy":"post_tag","embeddable":true,"href":"https:\/\/colimdo.org\/wp-api\/wp\/v2\/tags?post=47136"}],"curies":[{"name":"wp","href":"https:\/\/api.w.org\/{rel}","templated":true}]}}