{"id":47139,"date":"2019-01-17T03:56:04","date_gmt":"2019-01-17T03:56:04","guid":{"rendered":"https:\/\/colimdo.org\/?p=47139"},"modified":"2019-01-17T03:56:12","modified_gmt":"2019-01-17T03:56:12","slug":"ipd-sin-rumbo-fijo-seis-meses-los-juegos-panamericanos","status":"publish","type":"post","link":"https:\/\/colimdo.org\/noticias\/ipd-sin-rumbo-fijo-seis-meses-los-juegos-panamericanos\/","title":{"rendered":"IPD sin rumbo fijo a seis meses de los Juegos Panamericanos"},"content":{"rendered":"<p>Este 19 de enero se cumplen cinco meses de la salida del \u00faltimo presidente del Instituto Peruano del Deporte (IPD), Oscar Fern\u00e1ndez, y hasta la fecha el m\u00e1ximo organismo del deporte en el Per\u00fa se encuentra sin un nuevo titular permanente, a pocos meses de los\u00a0Juegos Panamericanos de Lima 2019.<\/p>\n<p>Luego de la salida de\u00a0Oscar Fern\u00e0ndez\u00a0fue nombrado en forma interina V\u00edctor Preciado, quien dur\u00f3 poco, pues fue acusado de chuponear las conversaciones de su director del \u00e1rea de Recreaci\u00f3n y Deporte, Jean Ferrari. Luego fue nombrada Susana C\u00f3rdova, quien se mantiene como interina, pese a las decisiones que hay que tomar rumbo a Lima 2019.<\/p>\n<p>El ministro de Educaci\u00f3n, Daniel Alfaro, es el responsable directo de la ratificaci\u00f3n o nombramiento de un nuevo presidente del IPD, que es una urgencia considerando la cercan\u00eda de los Juegos Panamericanos y Parapanamericanos 2019.<\/p>\n<p>La urgencia es porque para este a\u00f1o le han recortado el presupuesto al IPD en un 30 por ciento, en un a\u00f1o crucial para el deporte nacional, por la preparaci\u00f3n de nuestros deportistas. El ministerio de Educaci\u00f3n prometi\u00f3 oficializar al nuevo titular del deporte peruano para la tercera semana de diciembre, pero ya pas\u00f3 un mes y a\u00fan no hay mayores novedades.<\/p>\n<p>El estado recientemente destin\u00f3 una partida presupuestal de 188 millones 440 mil soles para la organizaci\u00f3n del Mundial de F\u00fatbol Sub 17 este a\u00f1o en nuestro pa\u00eds.<\/p>\n","protected":false},"excerpt":{"rendered":"<p>Este 19 de enero se cumplen cinco meses de la salida del \u00faltimo presidente del Instituto Peruano del Deporte (IPD), Oscar Fern\u00e1ndez.<\/p>\n","protected":false},"author":13,"featured_media":47140,"comment_status":"closed","ping_status":"closed","sticky":false,"template":"","format":"standard","meta":[],"categories":[2],"tags":[],"acf":[],"_links":{"self":[{"href":"https:\/\/colimdo.org\/wp-api\/wp\/v2\/posts\/47139"}],"collection":[{"href":"https:\/\/colimdo.org\/wp-api\/wp\/v2\/posts"}],"about":[{"href":"https:\/\/colimdo.org\/wp-api\/wp\/v2\/types\/post"}],"author":[{"embeddable":true,"href":"https:\/\/colimdo.org\/wp-api\/wp\/v2\/users\/13"}],"replies":[{"embeddable":true,"href":"https:\/\/colimdo.org\/wp-api\/wp\/v2\/comments?post=47139"}],"version-history":[{"count":1,"href":"https:\/\/colimdo.org\/wp-api\/wp\/v2\/posts\/47139\/revisions"}],"predecessor-version":[{"id":47141,"href":"https:\/\/colimdo.org\/wp-api\/wp\/v2\/posts\/47139\/revisions\/47141"}],"wp:featuredmedia":[{"embeddable":true,"href":"https:\/\/colimdo.org\/wp-api\/wp\/v2\/media\/47140"}],"wp:attachment":[{"href":"https:\/\/colimdo.org\/wp-api\/wp\/v2\/media?parent=47139"}],"wp:term":[{"taxonomy":"category","embeddable":true,"href":"https:\/\/colimdo.org\/wp-api\/wp\/v2\/categories?post=47139"},{"taxonomy":"post_tag","embeddable":true,"href":"https:\/\/colimdo.org\/wp-api\/wp\/v2\/tags?post=47139"}],"curies":[{"name":"wp","href":"https:\/\/api.w.org\/{rel}","templated":true}]}}