{"id":47158,"date":"2019-01-17T16:55:26","date_gmt":"2019-01-17T16:55:26","guid":{"rendered":"https:\/\/colimdo.org\/?p=47158"},"modified":"2019-01-17T16:55:42","modified_gmt":"2019-01-17T16:55:42","slug":"catari-nasser-al-attiyah-se-proclamo-campeon-del-rally-dakar","status":"publish","type":"post","link":"https:\/\/colimdo.org\/noticias\/catari-nasser-al-attiyah-se-proclamo-campeon-del-rally-dakar\/","title":{"rendered":"El catar\u00ed Nasser Al-Attiyah se proclam\u00f3 campe\u00f3n del Rally Dakar"},"content":{"rendered":"<p><strong>Pisco (Per\u00fa). (EFE).-<\/strong> El catar\u00ed Nasser Al-Attiyah (Toyota) se proclam\u00f3 este jueves campe\u00f3n del Dakar en coches por tercera vez en su carrera, por delante del espa\u00f1ol Joan &#8216;Nani&#8217; Roma (Mini) y del franc\u00e9s S\u00e9bastien Loeb, segundo y tercero, respectivamente.<\/p>\n<p>Al-Attiyah dio as\u00ed el primer Dakar a la marca japonesa Toyota, que compite en el rally desde hace ocho a\u00f1os, un triunfo que el \u00e1rabe asegur\u00f3 en la \u00faltima y d\u00e9cima etapa, cuyo ganador fue el espa\u00f1ol Carlos Sainz (Mini), quien firm\u00f3 su primera victoria parcial en esta edici\u00f3n del rally tras haber atravesado muchos problemas en carrera.<\/p>\n<p>Al-Attiyah hizo un rally redondo en el que lider\u00f3 la carrera de principio a fin, a excepci\u00f3n del segundo d\u00eda, y en el que complet\u00f3 los m\u00e1s de 5.000 kil\u00f3metros de recorrido de este Dakar sin ning\u00fan percance serio, al contrario que sus rivales, que fueron elimin\u00e1ndose por el camino.<\/p>\n<p>El piloto catar\u00ed supo aprovechar las carencias del buggy de Mini, que llegaba como favorito a este Dakar con un potente equipo formado por Sainz y por los pilotos franceses St\u00e9phane Peterhansel, trece veces ganador del Dakar (seis en moto y siete en coches), y Cyril Despres, cinco veces campe\u00f3n del rally en motos.<\/p>\n<p>Sin embargo, el Mini de dos ruedas motrices present\u00f3 problemas de fiabilidad, especialmente con el sistema autom\u00e1tico de inflado y desinflado de sus neum\u00e1ticos, lo que hizo que el espa\u00f1ol y los dos franceses tuvieran muchos problemas para lidiar con las dunas y la arena del desierto peruano.<\/p>\n<p>Las tres unidades se quedaron en repetidas ocasiones varados en la arena al no poder controlar la presi\u00f3n de las ruedas desde el interior del habit\u00e1culo, lo que permiti\u00f3 que poco a poco Al-Attiyah aumentara su ventaja conforme avanzaba la competici\u00f3n.<\/p>\n<p>Sainz perdi\u00f3 sus opciones de revalidar el t\u00edtulo conseguido el a\u00f1o pasado al tercer d\u00eda de competici\u00f3n, cuando destroz\u00f3 una rueda de su coche al pasar por un agujero que aparentemente no estaba se\u00f1alado en su hoja de ruta, aver\u00eda que le hizo perder casi cinco horas.<\/p>\n<p>Loeb, nueve veces campe\u00f3n del mundo de rallys, estaba al mando del Peugeot que gan\u00f3 el Dakar hace dos a\u00f1os y demostr\u00f3 que ese coche pod\u00eda hacer frente al Toyota de Al-Attiyah al ganar cuatro de las diez etapas de este Dakar que se disput\u00f3 \u00edntegramente en Per\u00fa.<\/p>\n<p>A pesar de ello, el franc\u00e9s termin\u00f3 en la tercera posici\u00f3n de la general a casi dos horas del catar\u00ed porque en la tercera etapa perdi\u00f3 mucho tiempo por un error en el libro de ruta que fue reconocido por la organizaci\u00f3n, y en la pen\u00faltima etapa rompi\u00f3 dos veces el card\u00e1n de una de las ruedas.<\/p>\n<p>Con su tercer triunfo en el Dakar, Al-Attiyah se sit\u00faa como el tercer piloto con m\u00e1s t\u00edtulos en coches, igualado con los franceses Ren\u00e9 Metge y Pierre Latigue, y solo superado por Petehansel (7) y el finland\u00e9s Ari Vatanen (4).<\/p>\n<p>El Dakar 2019 fue la primera edici\u00f3n de este rally que se disput\u00f3 en un \u00fanico pa\u00eds, con diez etapas por el desierto peruano del 7 al 17 de enero y un recorrido de m\u00e1s de 5.000 kil\u00f3metros, de los que casi 3.000 fueron cronometrados.<\/p>\n","protected":false},"excerpt":{"rendered":"<p>El piloto de Toyota se adjudic\u00f3 su tercer t\u00edtulo del Dakar. &#8216;Nani&#8217; Roma y S\u00e9bastien Loeb ocuparon el segundo y tercer lugar respectivamente.<\/p>\n","protected":false},"author":13,"featured_media":47159,"comment_status":"closed","ping_status":"closed","sticky":false,"template":"","format":"standard","meta":[],"categories":[2],"tags":[],"acf":[],"_links":{"self":[{"href":"https:\/\/colimdo.org\/wp-api\/wp\/v2\/posts\/47158"}],"collection":[{"href":"https:\/\/colimdo.org\/wp-api\/wp\/v2\/posts"}],"about":[{"href":"https:\/\/colimdo.org\/wp-api\/wp\/v2\/types\/post"}],"author":[{"embeddable":true,"href":"https:\/\/colimdo.org\/wp-api\/wp\/v2\/users\/13"}],"replies":[{"embeddable":true,"href":"https:\/\/colimdo.org\/wp-api\/wp\/v2\/comments?post=47158"}],"version-history":[{"count":1,"href":"https:\/\/colimdo.org\/wp-api\/wp\/v2\/posts\/47158\/revisions"}],"predecessor-version":[{"id":47160,"href":"https:\/\/colimdo.org\/wp-api\/wp\/v2\/posts\/47158\/revisions\/47160"}],"wp:featuredmedia":[{"embeddable":true,"href":"https:\/\/colimdo.org\/wp-api\/wp\/v2\/media\/47159"}],"wp:attachment":[{"href":"https:\/\/colimdo.org\/wp-api\/wp\/v2\/media?parent=47158"}],"wp:term":[{"taxonomy":"category","embeddable":true,"href":"https:\/\/colimdo.org\/wp-api\/wp\/v2\/categories?post=47158"},{"taxonomy":"post_tag","embeddable":true,"href":"https:\/\/colimdo.org\/wp-api\/wp\/v2\/tags?post=47158"}],"curies":[{"name":"wp","href":"https:\/\/api.w.org\/{rel}","templated":true}]}}