{"id":47172,"date":"2019-01-17T21:15:37","date_gmt":"2019-01-17T21:15:37","guid":{"rendered":"https:\/\/colimdo.org\/?p=47172"},"modified":"2019-01-17T21:15:37","modified_gmt":"2019-01-17T21:15:37","slug":"fedombal-inaugura-este-viernes-torneo-nacional-u-16-masculino","status":"publish","type":"post","link":"https:\/\/colimdo.org\/noticias\/fedombal-inaugura-este-viernes-torneo-nacional-u-16-masculino\/","title":{"rendered":"Fedombal inaugura este viernes torneo nacional U-16 masculino"},"content":{"rendered":"<p class=\"x_MsoNormal\"><span lang=\"ES\">SANTO DOMINGO. La Federaci\u00f3n Dominicana de Baloncesto (Fedombal) pondr\u00e1 en marcha este viernes el Campeonato Nacional U-16 Masculino, con dedicatoria al ministro de Educaci\u00f3n Andr\u00e9s Navarro y la participaci\u00f3n de 32 equipos.<\/span><\/p>\n<p class=\"x_MsoNormal\"><span lang=\"ES\">El ingeniero Rafael Uribe, presidente de Fedombal, comunic\u00f3 que el certamen est\u00e1 previsto iniciar a partir de las 4:00 de la tarde, en el polideportivo del Albergue Ol\u00edmpico, en el Ensanche La Fe, con la presencia del ministro Navarro.<\/span><\/p>\n<p class=\"x_MsoNormal\"><span lang=\"ES\">Dijo que adem\u00e1s asistir\u00e1n el ministro de Deportes Danilo D\u00edaz y Jos\u00e9 Luis Ram\u00edrez (Borola), en representaci\u00f3n del presidente del Comit\u00e9 Ol\u00edmpico Dominicano (COD), Luis\u00edn Mej\u00eda Oviedo, entre otras personalidades y autoridades gubernamentales y del deporte nacional.<\/span><\/p>\n<p class=\"x_MsoNormal\"><span lang=\"ES\">Uribe resalt\u00f3 que se disputar\u00e1 la Copa ARL (Administradora de Riesgos Laborales) y servir\u00e1 de preparaci\u00f3n para escoger a la preselecci\u00f3n que representar\u00e1 al pa\u00eds en el Centrobasket U-17, que se celebrar\u00e1 en el mes de julio de este a\u00f1o en Puerto Rico, y que dar\u00e1 tres plazas para el Torneo Mundial U-18 del 2020.<\/span><\/p>\n<p class=\"x_MsoNormal\"><b><span lang=\"ES\">Programa de apertura<\/span><\/b><\/p>\n<p class=\"x_MsoNormal\"><span lang=\"ES\">El programa de apertura tiene en agenda la celebraci\u00f3n del partido entre las escuadra de Pedernales y La Romana, previo se la ceremonia inaugural donde dar\u00e1 las palabras de bienvenida el ingeniero Uribe, en su condici\u00f3n de presidente de Fedombal.<\/span><\/p>\n<p class=\"x_MsoNormal\"><span lang=\"ES\">Luego, Borola Ram\u00edrez har\u00e1 la exhortaci\u00f3n ol\u00edmpica y el ministro de Deportes Danilo D\u00edaz hablar\u00e1 en nombre del Gobierno dominicano.<\/span><\/p>\n<p class=\"x_MsoNormal\"><span lang=\"ES\">Uribe en nombre del Consejo Directivo de Fedombal entregar\u00e1 al ministro Navarro un reconocimiento por la dedicatoria del torneo nacional de basket masculino U-16.<\/span><\/p>\n<p class=\"x_MsoNormal\"><span lang=\"ES\">Navarro es un joven funcionario gubernamental que ha hecho muchos aportes a la vida nacional desde las funciones que ha tenido en el Gobierno del presidente Danilo Medina.<\/span><\/p>\n<p class=\"x_MsoNormal\"><span lang=\"ES\">Resalt\u00f3 la participaci\u00f3n de las 32 provincias que integran ese organismo federado y un total de 384 atletas por debajo de los 16 a\u00f1os, los cuales estar\u00e1n alojados en el Albergue Ol\u00edmpico.<\/span><\/p>\n<p class=\"x_MsoNormal\"><span lang=\"ES\">Indic\u00f3 que se jugar\u00e1 tanto en la cancha del Albergue Ol\u00edmpico como en los polideportivos de los clubes Mauricio B\u00e1ez, San L\u00e1zaro, Los Cachorros y San Carlos, el Palacio de los Deportes Profesor Virgilio Travieso Soto.<\/span><\/p>\n<p class=\"x_MsoNormal\"><span lang=\"ES\">Argument\u00f3 el dirigente federado de baloncesto que la justa tiene el apoyo del Ministerio de Deportes y la Direcci\u00f3n General de Desarrollo Fronterizo, que dirige Tito Bejar\u00e1n.<\/span><\/p>\n<p class=\"x_MsoNormal\"><span lang=\"ES\">\u00a0<\/span><\/p>\n<p class=\"x_MsoNormal\"><b><span lang=\"ES\">Divisi\u00f3n de los grupos<\/span><\/b><\/p>\n<p class=\"x_MsoNormal\"><span lang=\"ES\">En la divisi\u00f3n de los grupos se formaron ocho de cuatro equipos para un total de 32.<\/span><\/p>\n<p class=\"x_MsoNormal\"><span lang=\"ES\">En el grupo A estar\u00e1n La Romana, Ocoa, Bonao y Pedernales; en el B, Santo Domingo, Monte Plata, Azua y Dajab\u00f3n; en el C, Distrito Nacional, Salcedo, Higuey y El Seibo.<\/span><\/p>\n<p class=\"x_MsoNormal\"><span lang=\"ES\">El grupo D lo componen Puerto Plata, Saman\u00e1, Nagua y Barahona; en el grupo E, Moca, El\u00edas Pi\u00f1a, Mao y Hato Mayor; en el F, La Vega, Duverg\u00e9, Montecristi y San Francisco de Macor\u00eds.<\/span><\/p>\n<p class=\"x_MsoNormal\"><span lang=\"ES\">En el G, Santiago, Santiago Rodr\u00edguez, San Pedro y Neyba; y en el H, san Crist\u00f3bal, Cotu\u00ed, San Juan y Ban\u00ed.<\/span><\/p>\n","protected":false},"excerpt":{"rendered":"<p>Lo dedican al ministro de Educaci\u00f3n, Andr\u00e9s Navarro y en el mismo competir\u00e1n equipos de 32 provincias del pa\u00eds. <\/p>\n","protected":false},"author":16,"featured_media":47173,"comment_status":"closed","ping_status":"closed","sticky":false,"template":"","format":"standard","meta":[],"categories":[3,2,60],"tags":[],"acf":[],"_links":{"self":[{"href":"https:\/\/colimdo.org\/wp-api\/wp\/v2\/posts\/47172"}],"collection":[{"href":"https:\/\/colimdo.org\/wp-api\/wp\/v2\/posts"}],"about":[{"href":"https:\/\/colimdo.org\/wp-api\/wp\/v2\/types\/post"}],"author":[{"embeddable":true,"href":"https:\/\/colimdo.org\/wp-api\/wp\/v2\/users\/16"}],"replies":[{"embeddable":true,"href":"https:\/\/colimdo.org\/wp-api\/wp\/v2\/comments?post=47172"}],"version-history":[{"count":1,"href":"https:\/\/colimdo.org\/wp-api\/wp\/v2\/posts\/47172\/revisions"}],"predecessor-version":[{"id":47174,"href":"https:\/\/colimdo.org\/wp-api\/wp\/v2\/posts\/47172\/revisions\/47174"}],"wp:featuredmedia":[{"embeddable":true,"href":"https:\/\/colimdo.org\/wp-api\/wp\/v2\/media\/47173"}],"wp:attachment":[{"href":"https:\/\/colimdo.org\/wp-api\/wp\/v2\/media?parent=47172"}],"wp:term":[{"taxonomy":"category","embeddable":true,"href":"https:\/\/colimdo.org\/wp-api\/wp\/v2\/categories?post=47172"},{"taxonomy":"post_tag","embeddable":true,"href":"https:\/\/colimdo.org\/wp-api\/wp\/v2\/tags?post=47172"}],"curies":[{"name":"wp","href":"https:\/\/api.w.org\/{rel}","templated":true}]}}