{"id":47188,"date":"2019-01-17T21:35:21","date_gmt":"2019-01-17T21:35:21","guid":{"rendered":"https:\/\/colimdo.org\/?p=47188"},"modified":"2019-01-17T21:35:21","modified_gmt":"2019-01-17T21:35:21","slug":"aeropuerto-louisville-llevara-nombre-del-legendario-muhammad-ali","status":"publish","type":"post","link":"https:\/\/colimdo.org\/noticias\/aeropuerto-louisville-llevara-nombre-del-legendario-muhammad-ali\/","title":{"rendered":"Aeropuerto de Louisville llevar\u00e1 nombre del legendario Muhammad Ali"},"content":{"rendered":"<p>LOUISVILLE, Kentucky, EE.UU. (AP) \u2014 La ciudad natal de Muhammad Ali en Kentucky rendir\u00e1 homenaje al fallecido boxeador, coloc\u00e1ndole su nombre al aeropuerto.<\/p>\n<p>El consejo del Aeropuerto Regional de Louisville vot\u00f3 el mi\u00e9rcoles para cambiar el nombre a Aeropuerto Internacional de Louisville Muhammad Ali. Ali, quien mur\u00f3 en 2016, habr\u00eda cumplido 77 a\u00f1os el jueves.<\/p>\n<p>La viuda de Ali, Lonnie Ali, dijo en un comunicado de prensa difundido por el consejo que est\u00e1 orgullosa por el cambio de nombre. Se\u00f1al\u00f3 que aun cuando Ali era un \u201cciudadano mundial\u201d, nunca olvid\u00f3 a su ciudad natal.<\/p>\n<p>El alcalde de Louisville, Greg Fischer, cit\u00f3 una investigaci\u00f3n que muestra el nombre de Ali es m\u00e1s reconocido que el de Louisville y asegur\u00f3 que est\u00e1 organizando un grupo de trabajo para celebrar los lazos de Ali con Louisville.<\/p>\n<p>El consejo del aeropuerto inform\u00f3 que se lleg\u00f3 a la decisi\u00f3n luego que un grupo de trabajo estudi\u00f3 el renombrar el aeropuerto por m\u00e1s de un a\u00f1o.<\/p>\n","protected":false},"excerpt":{"rendered":"<p>LOUISVILLE, Kentucky, EE.UU. (AP) \u2014 La ciudad natal de Muhammad Ali en Kentucky rendir\u00e1 homenaje al fallecido boxeador, coloc\u00e1ndole su nombre al aeropuerto. El consejo del Aeropuerto Regional de Louisville vot\u00f3 el mi\u00e9rcoles para cambiar el nombre a Aeropuerto Internacional de Louisville Muhammad Ali. Ali, quien mur\u00f3 en 2016, habr\u00eda cumplido 77 a\u00f1os el jueves. [&hellip;]<\/p>\n","protected":false},"author":9,"featured_media":47189,"comment_status":"closed","ping_status":"closed","sticky":false,"template":"","format":"standard","meta":[],"categories":[2,60],"tags":[],"acf":[],"_links":{"self":[{"href":"https:\/\/colimdo.org\/wp-api\/wp\/v2\/posts\/47188"}],"collection":[{"href":"https:\/\/colimdo.org\/wp-api\/wp\/v2\/posts"}],"about":[{"href":"https:\/\/colimdo.org\/wp-api\/wp\/v2\/types\/post"}],"author":[{"embeddable":true,"href":"https:\/\/colimdo.org\/wp-api\/wp\/v2\/users\/9"}],"replies":[{"embeddable":true,"href":"https:\/\/colimdo.org\/wp-api\/wp\/v2\/comments?post=47188"}],"version-history":[{"count":1,"href":"https:\/\/colimdo.org\/wp-api\/wp\/v2\/posts\/47188\/revisions"}],"predecessor-version":[{"id":47190,"href":"https:\/\/colimdo.org\/wp-api\/wp\/v2\/posts\/47188\/revisions\/47190"}],"wp:featuredmedia":[{"embeddable":true,"href":"https:\/\/colimdo.org\/wp-api\/wp\/v2\/media\/47189"}],"wp:attachment":[{"href":"https:\/\/colimdo.org\/wp-api\/wp\/v2\/media?parent=47188"}],"wp:term":[{"taxonomy":"category","embeddable":true,"href":"https:\/\/colimdo.org\/wp-api\/wp\/v2\/categories?post=47188"},{"taxonomy":"post_tag","embeddable":true,"href":"https:\/\/colimdo.org\/wp-api\/wp\/v2\/tags?post=47188"}],"curies":[{"name":"wp","href":"https:\/\/api.w.org\/{rel}","templated":true}]}}