{"id":47218,"date":"2019-01-18T18:20:39","date_gmt":"2019-01-18T18:20:39","guid":{"rendered":"https:\/\/colimdo.org\/?p=47218"},"modified":"2019-01-18T18:20:39","modified_gmt":"2019-01-18T18:20:39","slug":"gregg-popovich-no-sabe-seguira-entrenando-los-spurs","status":"publish","type":"post","link":"https:\/\/colimdo.org\/noticias\/gregg-popovich-no-sabe-seguira-entrenando-los-spurs\/","title":{"rendered":"Gregg Popovich no sabe si seguir\u00e1 entrenando a los Spurs"},"content":{"rendered":"<p>NBAMANIACS. \u00bfVer a los San Antonio\u00a0Spurs\u00a0sin\u00a0Gregg Popovich\u00a0en el banquillo? Tras 23 a\u00f1os consecutivos siguiendo a los de Texas con \u00e9l al mando, sin duda el momento se acerca, pero no por ello deja de impactar; m\u00e1s a\u00fan cuando es el propio Popovich quien mantiene la inc\u00f3gnita sobre lo que har\u00e1 al acabar la presente campa\u00f1a.<\/p>\n<p>El entrenador de San Antonio, cuestionado por los medios sobre lo que har\u00e1 en la campa\u00f1a 2019-20, no ha arrojado luz alguna sobre el asunto. \u201cNo s\u00e9 la respuesta\u201d. Tan escueto como indeciso.<\/p>\n<p>Popovich, quien cumplir\u00e1 70 a\u00f1os el 28 de enero, acaba este verano la extensi\u00f3n de cinco a\u00f1os que firm\u00f3 hace un lustro; momento que coincide con el inicio de su compromiso con la selecci\u00f3n de Estados Unidos, la cual dirigir\u00e1 en el Mundial de 2019 y en los Juegos Ol\u00edmpicos de 2020. Con ese contexto, quiz\u00e1s piense que es el momento id\u00f3neo para dejar el equipo de su vida.<\/p>\n<p>Lo cierto es que lo \u00fanico claro a estas alturas es que la decisi\u00f3n solo recaer\u00e1 en su persona. Habiendo conseguido los cinco anillos que tienen los Spurs, estos le dieron hace tiempo las llaves de la organizaci\u00f3n; tanto es as\u00ed que R.C. Buford,\u00a0<em>general manager<\/em>\u00a0del equipo, aseguro que Pops \u201centrenar\u00e1 todo el tiempo que quiere entrenar\u201d. Suena bien, pero el final de esta genial historia se aproxima sin remedio.<\/p>\n","protected":false},"excerpt":{"rendered":"<p>Popovich, quien cumplir\u00e1 70 a\u00f1os el 28 de enero, acaba este verano la extensi\u00f3n de cinco a\u00f1os que firm\u00f3 hace un lustro; momento que coincide con el inicio de su compromiso con la selecci\u00f3n de Estados Unidos, la cual dirigir\u00e1 en el Mundial de 2019 y en los Juegos Ol\u00edmpicos de 2020. Con ese contexto, quiz\u00e1s piense que es el momento id\u00f3neo para dejar el equipo de su vida.<\/p>\n","protected":false},"author":16,"featured_media":47219,"comment_status":"closed","ping_status":"closed","sticky":false,"template":"","format":"standard","meta":[],"categories":[2,60],"tags":[],"acf":[],"_links":{"self":[{"href":"https:\/\/colimdo.org\/wp-api\/wp\/v2\/posts\/47218"}],"collection":[{"href":"https:\/\/colimdo.org\/wp-api\/wp\/v2\/posts"}],"about":[{"href":"https:\/\/colimdo.org\/wp-api\/wp\/v2\/types\/post"}],"author":[{"embeddable":true,"href":"https:\/\/colimdo.org\/wp-api\/wp\/v2\/users\/16"}],"replies":[{"embeddable":true,"href":"https:\/\/colimdo.org\/wp-api\/wp\/v2\/comments?post=47218"}],"version-history":[{"count":1,"href":"https:\/\/colimdo.org\/wp-api\/wp\/v2\/posts\/47218\/revisions"}],"predecessor-version":[{"id":47220,"href":"https:\/\/colimdo.org\/wp-api\/wp\/v2\/posts\/47218\/revisions\/47220"}],"wp:featuredmedia":[{"embeddable":true,"href":"https:\/\/colimdo.org\/wp-api\/wp\/v2\/media\/47219"}],"wp:attachment":[{"href":"https:\/\/colimdo.org\/wp-api\/wp\/v2\/media?parent=47218"}],"wp:term":[{"taxonomy":"category","embeddable":true,"href":"https:\/\/colimdo.org\/wp-api\/wp\/v2\/categories?post=47218"},{"taxonomy":"post_tag","embeddable":true,"href":"https:\/\/colimdo.org\/wp-api\/wp\/v2\/tags?post=47218"}],"curies":[{"name":"wp","href":"https:\/\/api.w.org\/{rel}","templated":true}]}}