{"id":47242,"date":"2019-01-18T20:56:23","date_gmt":"2019-01-18T20:56:23","guid":{"rendered":"https:\/\/colimdo.org\/?p=47242"},"modified":"2019-01-18T20:56:23","modified_gmt":"2019-01-18T20:56:23","slug":"barcelona-se-salva-sancion-continua-la-copa-del-rey","status":"publish","type":"post","link":"https:\/\/colimdo.org\/noticias\/barcelona-se-salva-sancion-continua-la-copa-del-rey\/","title":{"rendered":"Barcelona se salva de sanci\u00f3n y contin\u00faa en la Copa del Rey"},"content":{"rendered":"<p>BARCELONA (AP) \u2014 El Barcelona no ser\u00e1 sancionado por alineaci\u00f3n indebida en la Copa del Rey.<\/p>\n<p>La denuncia del Levante se gestion\u00f3 \u201cfuera de plazo\u201d, dictamin\u00f3 el viernes la Federaci\u00f3n Espa\u00f1ola de F\u00fatbol.<\/p>\n<p>Carmen P\u00e9rez, la jueza del comit\u00e9 de competici\u00f3n de la federaci\u00f3n, ratific\u00f3 el resultado de la eliminatoria de octavos de final al advertir que el reclamo de Levante se present\u00f3 con casi una semana de atraso.<\/p>\n<p>Levante asegur\u00f3 que el Barcelona, que busca conquistar su quinto t\u00edtulo seguido en el torneo, quebrant\u00f3 el reglamento al alinear al juvenil Juan \u201cChumi\u201d Brand\u00e1riz el 10 de enero. Chumi estaba suspendido por acumulaci\u00f3n de tarjetas amarillas con la filial azulgrana que disputa el torneo de tercera divisi\u00f3n.<\/p>\n<p>Los granotas se impusieron de local 2-1 en el partido de ida, pero el Barcelona revirti\u00f3 el marcador al ganar 3-0 en la vuelta el jueves y avanz\u00f3 con un 4-2 a su favor en el global.<\/p>\n<p>Levante present\u00f3 su denuncia ante la federaci\u00f3n el viernes, horas antes del sorteo de cuartos de final.<\/p>\n<p>El Barcelona sostuvo que no quebrant\u00f3 el reglamento. Argument\u00f3 que Chumi debe cumplir su suspensi\u00f3n en la tercera divisi\u00f3n.<\/p>\n<p>Levante anunci\u00f3 que apelar\u00e1 el fallo.<\/p>\n<p>\u201cLa jueza no ha entrado en el fondo de la cuesti\u00f3n. Hay un plazo que claramente ya ha pasado y no entra en el fondo de la cuesti\u00f3n, se ci\u00f1e a la ley y es muy clara\u201d, dijo el portavoz del Barcelona Josep Vives.<\/p>\n<p>Consultado sobre si el club debe preguntarle a la federaci\u00f3n si Chumi podr\u00eda actuar en la siguiente ronda, Vives expres\u00f3 el convencimiento de que el jugador est\u00e1 habilitado.<\/p>\n<p>\u201cNo tenemos que preguntar si tenemos raz\u00f3n o no, creemos que la tenemos y que Chumi pod\u00eda jugar ese partido perfectamente\u201d, dijo Vives.<\/p>\n<p>\u201cEl Levante defiende sus intereses y lo respetamos, pero no estamos de acuerdo con lo que plantean porque hemos actuado de acuerdo con la normativo y con \u2018fair play\u2019\u201d, a\u00f1adi\u00f3.<\/p>\n<p>En 2015, el Real Madrid fue eliminado en la fase de octavos de la Copa del Rey por alinear al delantero ruso Denis Cheryshev cuando arrastraba una suspensi\u00f3n.<\/p>\n<p>En la ronda de cuartos, el Barcelona enfrentar\u00e1 al Sevilla. Los otros cruces ser\u00e1n Real Madrid-Girona, Getafe-Valencia y Espanyol-Betis.<\/p>\n","protected":false},"excerpt":{"rendered":"<p>BARCELONA (AP) \u2014 El Barcelona no ser\u00e1 sancionado por alineaci\u00f3n indebida en la Copa del Rey. La denuncia del Levante se gestion\u00f3 \u201cfuera de plazo\u201d, dictamin\u00f3 el viernes la Federaci\u00f3n Espa\u00f1ola de F\u00fatbol. Carmen P\u00e9rez, la jueza del comit\u00e9 de competici\u00f3n de la federaci\u00f3n, ratific\u00f3 el resultado de la eliminatoria de octavos de final al [&hellip;]<\/p>\n","protected":false},"author":9,"featured_media":47243,"comment_status":"closed","ping_status":"closed","sticky":false,"template":"","format":"standard","meta":[],"categories":[2,60],"tags":[],"acf":[],"_links":{"self":[{"href":"https:\/\/colimdo.org\/wp-api\/wp\/v2\/posts\/47242"}],"collection":[{"href":"https:\/\/colimdo.org\/wp-api\/wp\/v2\/posts"}],"about":[{"href":"https:\/\/colimdo.org\/wp-api\/wp\/v2\/types\/post"}],"author":[{"embeddable":true,"href":"https:\/\/colimdo.org\/wp-api\/wp\/v2\/users\/9"}],"replies":[{"embeddable":true,"href":"https:\/\/colimdo.org\/wp-api\/wp\/v2\/comments?post=47242"}],"version-history":[{"count":1,"href":"https:\/\/colimdo.org\/wp-api\/wp\/v2\/posts\/47242\/revisions"}],"predecessor-version":[{"id":47244,"href":"https:\/\/colimdo.org\/wp-api\/wp\/v2\/posts\/47242\/revisions\/47244"}],"wp:featuredmedia":[{"embeddable":true,"href":"https:\/\/colimdo.org\/wp-api\/wp\/v2\/media\/47243"}],"wp:attachment":[{"href":"https:\/\/colimdo.org\/wp-api\/wp\/v2\/media?parent=47242"}],"wp:term":[{"taxonomy":"category","embeddable":true,"href":"https:\/\/colimdo.org\/wp-api\/wp\/v2\/categories?post=47242"},{"taxonomy":"post_tag","embeddable":true,"href":"https:\/\/colimdo.org\/wp-api\/wp\/v2\/tags?post=47242"}],"curies":[{"name":"wp","href":"https:\/\/api.w.org\/{rel}","templated":true}]}}