{"id":47245,"date":"2019-01-18T20:59:34","date_gmt":"2019-01-18T20:59:34","guid":{"rendered":"https:\/\/colimdo.org\/?p=47245"},"modified":"2019-01-18T20:59:34","modified_gmt":"2019-01-18T20:59:34","slug":"diaz-reafirma-apoyara-delegacion-juegos-panam-2019","status":"publish","type":"post","link":"https:\/\/colimdo.org\/noticias\/diaz-reafirma-apoyara-delegacion-juegos-panam-2019\/","title":{"rendered":"D\u00edaz reafirma apoyar\u00e1 delegaci\u00f3n a Juegos Panam 2019"},"content":{"rendered":"<p><span style=\"color: #445555; font-family: Georgia, serif;\">El Ministro de Deportes, licenciado Danilo D\u00edaz Vizcaino, declaro que durante toda esta semana estuvo\u00a0reuni\u00e9ndose\u00a0en su despacho con la mayor\u00eda de los presidentes y dirigentes de las Federaciones Deportivas Nacionales, con el objetivo de escuchar sus planteamientos y programas en torno a la planificaci\u00f3n que se har\u00e1 para este 2019.<\/span><\/p>\n<p>Manifest\u00f3 que el periplo o levantamiento de trabajo con los presidentes de Federaciones culminara el pr\u00f3ximo martes cuando se re\u00fana con las \u00faltimas seis que les faltan. Record\u00f3 que cada inicio de a\u00f1o siempre se re\u00fane con los presidentes de las Federaciones Deportivas donde se planifican los trabajos a realizar durante los pr\u00f3ximos 12 meses.<\/p>\n<p>Aseguro Danilo D\u00edaz que las reuniones de trabajo se han efectuado en medio de un respeto mutuo, con mucha franqueza, cordialidad y puede calificar los encuentros como \u201cmuy fruct\u00edferos\u00a0\u00a0y los frutos se ver\u00e1n a lo largo del 2019\u201d, insisti\u00f3.<\/p>\n<p>Indico que el y los federados est\u00e1n muy optimista de que en los venideros Juegos Panamericanos de Lima, Per\u00fa y otros eventos internacionales, \u201cnuestros atletas pondr\u00e1n en alto la bandera tricolor como siempre lo hacen\u201d.<\/p>\n<p>\u201cEn este primer cuatrimestre estaremos trabajando para ver- de acuerdo a los planes de las Federaciones Deportivas- ver la cantidad de fondos que les asignaremos cada mes para su programa calendario\u201d, sostuvo el titular de Deportes, quien aseguro que nueva vez, los atletas brillaran en competencias internacionales y contaran con el apoyo irrestricto del gobierno de Danilo Medina y del Ministerio de Deportes.<\/p>\n<p>Acompa\u00f1an al Ministro de Deportes en esas reuniones como coordinadores el Viceministro de Deportes, encargado del area del Deporte de Alto Rendimiento y las Federaciones Deportivas, Enmanuel Trinidad, con el director t\u00e9cnico, Tony Mesa y con Luis Colpo Heredia.<\/p>\n<p>Manifest\u00f3 que la prioridad n\u00famero uno para el Ministerio de Deporte en este 2019 ser\u00e1 la preparaci\u00f3n y montaje de la delegaci\u00f3n dominicana que ira a los Juegos Deportivos Panamericanos que se efectuaran en julio venidero en Lima, Per\u00fa.<\/p>\n<p>\u201cEse es un compromiso que el gobierno del presidente Danilo Medina apoyara sin reservas, ya que es la segunda pata del ciclo ol\u00edmpico y les brindaremos todo nuestro apoyo a los atletas y a las federaciones\u201d, proclamo el titular de Deportes.<\/p>\n<p>\u201cEscuchamos con atenci\u00f3n a todos nuestros amigos de las Federaciones Deportivas sobre sus planteamientos en torno a la planificaci\u00f3n del deporte nacional en este 2019\u201d, adujo.<\/p>\n","protected":false},"excerpt":{"rendered":"<p>El Ministro de Deportes, licenciado Danilo D\u00edaz Vizcaino, declaro que durante toda esta semana estuvo\u00a0reuni\u00e9ndose\u00a0en su despacho con la mayor\u00eda de los presidentes y dirigentes de las Federaciones Deportivas Nacionales, con el objetivo de escuchar sus planteamientos y programas en torno a la planificaci\u00f3n que se har\u00e1 para este 2019. Manifest\u00f3 que el periplo o [&hellip;]<\/p>\n","protected":false},"author":9,"featured_media":47246,"comment_status":"closed","ping_status":"closed","sticky":false,"template":"","format":"standard","meta":[],"categories":[2,60],"tags":[],"acf":[],"_links":{"self":[{"href":"https:\/\/colimdo.org\/wp-api\/wp\/v2\/posts\/47245"}],"collection":[{"href":"https:\/\/colimdo.org\/wp-api\/wp\/v2\/posts"}],"about":[{"href":"https:\/\/colimdo.org\/wp-api\/wp\/v2\/types\/post"}],"author":[{"embeddable":true,"href":"https:\/\/colimdo.org\/wp-api\/wp\/v2\/users\/9"}],"replies":[{"embeddable":true,"href":"https:\/\/colimdo.org\/wp-api\/wp\/v2\/comments?post=47245"}],"version-history":[{"count":1,"href":"https:\/\/colimdo.org\/wp-api\/wp\/v2\/posts\/47245\/revisions"}],"predecessor-version":[{"id":47247,"href":"https:\/\/colimdo.org\/wp-api\/wp\/v2\/posts\/47245\/revisions\/47247"}],"wp:featuredmedia":[{"embeddable":true,"href":"https:\/\/colimdo.org\/wp-api\/wp\/v2\/media\/47246"}],"wp:attachment":[{"href":"https:\/\/colimdo.org\/wp-api\/wp\/v2\/media?parent=47245"}],"wp:term":[{"taxonomy":"category","embeddable":true,"href":"https:\/\/colimdo.org\/wp-api\/wp\/v2\/categories?post=47245"},{"taxonomy":"post_tag","embeddable":true,"href":"https:\/\/colimdo.org\/wp-api\/wp\/v2\/tags?post=47245"}],"curies":[{"name":"wp","href":"https:\/\/api.w.org\/{rel}","templated":true}]}}