{"id":47251,"date":"2019-01-18T21:05:39","date_gmt":"2019-01-18T21:05:39","guid":{"rendered":"https:\/\/colimdo.org\/?p=47251"},"modified":"2019-01-18T21:05:39","modified_gmt":"2019-01-18T21:05:39","slug":"canelo-alvarez-se-medira-danny-jacobs-4-mayo","status":"publish","type":"post","link":"https:\/\/colimdo.org\/noticias\/canelo-alvarez-se-medira-danny-jacobs-4-mayo\/","title":{"rendered":"Canelo \u00c1lvarez se medir\u00e1 a Danny Jacobs el 4 de mayo"},"content":{"rendered":"<p>LOS \u00c1NGELES (AP) \u2014 Sa\u00fal \u201cCanelo\u201d \u00c1lvarez volver\u00e1 al ring y a la divisi\u00f3n mediana el 4 de mayo para enfrentar a Danny Jacobs.<\/p>\n<p>\u00c1lvarez defender\u00e1 sus t\u00edtulos del CMB y la AMB ante Jacobs, monarca de la FIB, en un combate protagonizado por dos de los mejores boxeadores del momento. No se anunci\u00f3 de inmediato la sede de la pelea.<\/p>\n<p>El mexicano \u00c1lvarez (50-1-2, 35 nocauts) conquist\u00f3 su tercer t\u00edtulo en una divisi\u00f3n distinta al noquear a Rocky Fielding en tres asaltos para apoderarse del cetro super mediano de la AMB en diciembre. Volver\u00e1 a los medianos, donde sac\u00f3 un empate y una victoria ante Gennady Golovkin, para as\u00ed reinar en una divisi\u00f3n repleta de peleadores de alto nivel.<\/p>\n<p>\u201cUnificar\u00e9 mis t\u00edtulos de peso mediano ante Daniel Jacobs\u201d, dijo \u00c1lvarez, de 28 a\u00f1os. \u201cNo tengo dudas de que saldr\u00e9 victorioso y de que quedar\u00e9 a un paso de ser el campe\u00f3n mundial indiscutible de peso mediano\u201d.<\/p>\n<p>Jacobs, un neoyorquino de 31 a\u00f1os que super\u00f3 un c\u00e1ncer de hueso para convertirse en campe\u00f3n, tiene foja de 35-2 con 29 nocauts.<\/p>\n<p>Pese a sufrir una re\u00f1ida derrota ante Golovkin en 2017, Jacobs se ha mantenido en los primeros planos. No ha perdido desde entonces y se apoder\u00f3 del cetro de la FIB tras vencer a Sergiy Derevyanchenkoto.<\/p>\n<p>\u201cEsta es la oportunidad que he estado esperando, la oportunidad de alcanzar la grandeza dentro del ring\u201d, afirm\u00f3 Jacobs. \u201cSiempre he cre\u00eddo que le puedo ganar al Canelo&#8230; Han pasado casi cuatro a\u00f1os desde que el Canelo enfrent\u00f3 a un retador estadounidense. Ser\u00e1 una tremenda pelea en la que estoy convencido que me consolidar\u00e9 como el mejor peso mediano\u201d.<\/p>\n<p>La pelea ser\u00e1 transmitida por DAZN, el servicio de streaming que firm\u00f3 un contrato a largo plazo con \u00c1lvarez.<\/p>\n","protected":false},"excerpt":{"rendered":"<p>LOS \u00c1NGELES (AP) \u2014 Sa\u00fal \u201cCanelo\u201d \u00c1lvarez volver\u00e1 al ring y a la divisi\u00f3n mediana el 4 de mayo para enfrentar a Danny Jacobs. \u00c1lvarez defender\u00e1 sus t\u00edtulos del CMB y la AMB ante Jacobs, monarca de la FIB, en un combate protagonizado por dos de los mejores boxeadores del momento. No se anunci\u00f3 de [&hellip;]<\/p>\n","protected":false},"author":9,"featured_media":47252,"comment_status":"closed","ping_status":"closed","sticky":false,"template":"","format":"standard","meta":[],"categories":[2,60],"tags":[],"acf":[],"_links":{"self":[{"href":"https:\/\/colimdo.org\/wp-api\/wp\/v2\/posts\/47251"}],"collection":[{"href":"https:\/\/colimdo.org\/wp-api\/wp\/v2\/posts"}],"about":[{"href":"https:\/\/colimdo.org\/wp-api\/wp\/v2\/types\/post"}],"author":[{"embeddable":true,"href":"https:\/\/colimdo.org\/wp-api\/wp\/v2\/users\/9"}],"replies":[{"embeddable":true,"href":"https:\/\/colimdo.org\/wp-api\/wp\/v2\/comments?post=47251"}],"version-history":[{"count":1,"href":"https:\/\/colimdo.org\/wp-api\/wp\/v2\/posts\/47251\/revisions"}],"predecessor-version":[{"id":47253,"href":"https:\/\/colimdo.org\/wp-api\/wp\/v2\/posts\/47251\/revisions\/47253"}],"wp:featuredmedia":[{"embeddable":true,"href":"https:\/\/colimdo.org\/wp-api\/wp\/v2\/media\/47252"}],"wp:attachment":[{"href":"https:\/\/colimdo.org\/wp-api\/wp\/v2\/media?parent=47251"}],"wp:term":[{"taxonomy":"category","embeddable":true,"href":"https:\/\/colimdo.org\/wp-api\/wp\/v2\/categories?post=47251"},{"taxonomy":"post_tag","embeddable":true,"href":"https:\/\/colimdo.org\/wp-api\/wp\/v2\/tags?post=47251"}],"curies":[{"name":"wp","href":"https:\/\/api.w.org\/{rel}","templated":true}]}}