{"id":47264,"date":"2019-01-19T17:52:01","date_gmt":"2019-01-19T17:52:01","guid":{"rendered":"https:\/\/colimdo.org\/?p=47264"},"modified":"2019-01-19T17:53:10","modified_gmt":"2019-01-19T17:53:10","slug":"manny-pacquiao-estrena-40-anos-arriesgando-las-vegas","status":"publish","type":"post","link":"https:\/\/colimdo.org\/noticias\/manny-pacquiao-estrena-40-anos-arriesgando-las-vegas\/","title":{"rendered":"Manny Pacquiao estrena sus 40 a\u00f1os arriesgando en Las Vegas"},"content":{"rendered":"<p>\u201cSigo sintiendo pasi\u00f3n por este deporte y sigo teniendo ese instinto asesino y ese fuego en mis ojos\u201d. La pregunta se ha transformado en un lugar com\u00fan en los \u00faltimos meses y la respuesta que Manny Pacquiao expuso una y otra vez para explicar los motivos que todav\u00eda lo impulsan a seguir subiendo a un cuadril\u00e1tero no ha variado. Pasi\u00f3n y un f\u00edsico que todav\u00eda se lleva muy bien con el superprofesionalismo, la amalgama que\u00a0le permitir\u00e1, a los 40 a\u00f1os, volver a Las Vegas\u00a0a combatir por un t\u00edtulo del mundo.<\/p>\n<p>El filipino expondr\u00e1\u00a0el s\u00e1bado a la medianoche<strong> (transmitir\u00e1 Fox Premium Action desde las 23<\/strong>) su t\u00edtulo welter de la Asociaci\u00f3n Mundial de Boxeo que conquist\u00f3 el a\u00f1o pasado al noquear al chubutense Lucas Matthysse. Su rival en la primera gran velada del a\u00f1o, que se llevar\u00e1 a cabo en el MGM Grand de la\u00a0<em>Ciudad del Pecado<\/em>, ser\u00e1 el estadounidense Adrien Broner.<\/p>\n<p>Shows de grupos de rock y cantantes de g\u00f3spel, sorteos de autos y electrodom\u00e9sticos y miles de invitados, entre ellos el presidente filipino Rodrigo Duterte, animaron el 17 de diciembre pasado una fiesta en la que Pacquiao celebr\u00f3 sus cuatro d\u00e9cadas de vida en un centro comercial de General Santos, su ciudad natal.\u00a0\u201cMe siento m\u00e1s fuerte, m\u00e1s r\u00e1pido y m\u00e1s sabio a los 40 a\u00f1os, como si tuviera 25\u201d, dijo entonces.<\/p>\n<p>Ahora le tocar\u00e1 demostrarlo sobre el encordado en una ciudad en la que no se presenta hace m\u00e1s de dos a\u00f1os (la \u00faltima vez fue en noviembre de 2016 ante Jessie Vargas) y en una pelea que<strong>\u00a0<\/strong>se ha planteado como una estaci\u00f3n intermedia antes de la esperad\u00edsima revancha ante Floyd Mayweather<strong>\u00a0<\/strong>(el estadounidense gan\u00f3 por puntos en 2015), anunciada hasta el cansancio para este a\u00f1o pero nunca confirmada.<\/p>\n<p><em>PacMan<\/em>, quien ostenta un r\u00e9cord de 60 victorias (39 por nocaut), 7 derrotas y 2 empates y fue campe\u00f3n reconocido por los grandes organismos del pugilismo mundial en seis divisiones distintas,\u00a0es favorito en las casas de apuestas. Lo avalan su curr\u00edculum, que incluye a unos cuantos de los mejores boxeadores del siglo XXI (Mayweather, Eric Morales, Juan Manuel M\u00e1rquez, Oscar de la Hoya, Miguel Cotto), y su t\u00e9cnica intacta, que expuso en su \u00faltima presentaci\u00f3n, cuando barri\u00f3 en siete rounds a un desdibujado Matthysse en Kuala Lumpur. Adem\u00e1s, para esta presentaci\u00f3n volvi\u00f3 a trabajar con Freddie Roach, el entrenador que lo llev\u00f3 a la gloria.<\/p>\n<p>Las dudas est\u00e1n centradas en los efectos del paso del tiempo y la escasa actividad (hizo solo cinco peleas en los \u00faltimos cuatro a\u00f1os) sobre un p\u00fagil que ha tenido a la velocidad como una virtud destacad\u00edsima. Mucho tiempo ha pasado y mucho desgaste ha acumulado el cuerpo de Pacquiao desde su debut, hace 24 a\u00f1os, y desde que logr\u00f3 su primer t\u00edtulo del mundo con un tremendo nocaut sobre el tailand\u00e9s Chatchai Sasakul, en diciembre de 1998. Y su pegada tampoco es la misma: de sus \u00faltimas 10 victorias, solo gan\u00f3 antes del l\u00edmite ante Matthysse.<\/p>\n<p>Si para Pacquiao, quien el viernes dio sin problemas el peso (registr\u00f3 66,225 kilos, 400 gramos debajo del l\u00edmite de la categor\u00eda), este reto es uno m\u00e1s es una carrera plagada de grandes desaf\u00edos, para Broner es el combate m\u00e1s importante de su vida, tal como reconoci\u00f3 el jueves. Porque pese a que solo tiene 29 a\u00f1os, su andar err\u00e1tico en las \u00faltimas temporadas parece no ofrecerle muchas oportunidades m\u00e1s en las grandes carteleras si falla ante el filipino.<\/p>\n<p>Apadrinado por Floyd Mayweather (todav\u00eda lo maneja su promotora),\u00a0<em>El Problema<\/em>, como lo apodan, apareci\u00f3 en los albores\u00a0de la d\u00e9cada como una de las grandes esperanzas del boxeo estadounidense y acumul\u00f3 t\u00edtulos en las categor\u00edas superpluma, ligero y welter. Hasta que se cruz\u00f3 con Marcos Maidana. Una dura derrota frente al bombardero de Margarita en diciembre de 2013 le puso fin a su invicto e inici\u00f3 un per\u00edodo gris en su carrera.<\/p>\n<p>Desde entonces, y m\u00e1s all\u00e1 de que en 2015 conquist\u00f3 el cetro superligero de la AMB, las cosas no volvieron a ser como antes para \u00e9l. Sum\u00f3 victorias sin gloria y cuando le toc\u00f3 afrontar retos de riesgo, fall\u00f3: fue vencido claramente por Shawn Porter y por Mickey Garc\u00eda. Adem\u00e1s\u00a0su nombre adquiri\u00f3 mucha m\u00e1s presencia en los medios por sus esc\u00e1ndalos y hasta algunas situaciones re\u00f1idas con la ley que por sus actuaciones. Ahora, con una foja de servicio de 33 victorias (24 antes del l\u00edmite), 3 derrotas y 1 empate, sabe que debe reconstruirse.<\/p>\n<p>\u201cUna victoria ante Pacquiao es necesaria para relanzar mi carrera. Todos lo dan a \u00e9l como favorito, pero yo estoy enfocado en hablar menos basura y demostrar que soy un gran boxeador\u201d, dijo Broner, quien registr\u00f3 66,450 kilos en el pesaje. \u201c\u00c9l es una leyenda. Siempre ser\u00e1 reconocido como uno de los mejores del boxeo. Pero creo que ha llegado mi momento de ser el n\u00famero uno y vengo a apoderarme de su trono\u201d, arriesg\u00f3,\u00a0algo m\u00e1s cauto y respetuoso que de costumbre.<\/p>\n","protected":false},"excerpt":{"rendered":"<p>El rival del filipino en la primera gran velada del a\u00f1o, que se llevar\u00e1 a cabo este s\u00e1bado en el MGM Grand de Las Vegas, ser\u00e1 el estadounidense Adrien Broner.<\/p>\n","protected":false},"author":13,"featured_media":47265,"comment_status":"closed","ping_status":"closed","sticky":false,"template":"","format":"standard","meta":[],"categories":[2],"tags":[],"acf":[],"_links":{"self":[{"href":"https:\/\/colimdo.org\/wp-api\/wp\/v2\/posts\/47264"}],"collection":[{"href":"https:\/\/colimdo.org\/wp-api\/wp\/v2\/posts"}],"about":[{"href":"https:\/\/colimdo.org\/wp-api\/wp\/v2\/types\/post"}],"author":[{"embeddable":true,"href":"https:\/\/colimdo.org\/wp-api\/wp\/v2\/users\/13"}],"replies":[{"embeddable":true,"href":"https:\/\/colimdo.org\/wp-api\/wp\/v2\/comments?post=47264"}],"version-history":[{"count":2,"href":"https:\/\/colimdo.org\/wp-api\/wp\/v2\/posts\/47264\/revisions"}],"predecessor-version":[{"id":47267,"href":"https:\/\/colimdo.org\/wp-api\/wp\/v2\/posts\/47264\/revisions\/47267"}],"wp:featuredmedia":[{"embeddable":true,"href":"https:\/\/colimdo.org\/wp-api\/wp\/v2\/media\/47265"}],"wp:attachment":[{"href":"https:\/\/colimdo.org\/wp-api\/wp\/v2\/media?parent=47264"}],"wp:term":[{"taxonomy":"category","embeddable":true,"href":"https:\/\/colimdo.org\/wp-api\/wp\/v2\/categories?post=47264"},{"taxonomy":"post_tag","embeddable":true,"href":"https:\/\/colimdo.org\/wp-api\/wp\/v2\/tags?post=47264"}],"curies":[{"name":"wp","href":"https:\/\/api.w.org\/{rel}","templated":true}]}}