{"id":47268,"date":"2019-01-19T18:29:42","date_gmt":"2019-01-19T18:29:42","guid":{"rendered":"https:\/\/colimdo.org\/?p=47268"},"modified":"2019-01-19T18:29:50","modified_gmt":"2019-01-19T18:29:50","slug":"real-madrid-le-quito-tercer-lugar-al-sevilla-mantuvo-hegemonia","status":"publish","type":"post","link":"https:\/\/colimdo.org\/noticias\/real-madrid-le-quito-tercer-lugar-al-sevilla-mantuvo-hegemonia\/","title":{"rendered":"Real Madrid le quit\u00f3 el tercer lugar al Sevilla y mantuvo hegemon\u00eda"},"content":{"rendered":"<p><strong>Real Madrid<\/strong>\u00a0venci\u00f3 2-0 al\u00a0<strong>Sevilla<\/strong>\u00a0en la\u00a0<strong>Jornada 20<\/strong>\u00a0de\u00a0<strong>La Liga<\/strong>\u00a0para quitarles el tercer lugar y mantener la hegemon\u00eda sobre los andaluces en el Bernab\u00e9u, pues ya suman 12 victorias al hilo en casa.<\/p>\n<p>La \u00faltima victoria de los nervionenses fue en la Temporada 2008-2009 cuando vencieron al cuadro madridista 3-4. Desde entonces han perdido todas las visitas\u00a0a la casa blanca en liga .<\/p>\n<p>Con este resultado,<strong>\u00a0Real Madrid<\/strong>\u00a0lleg\u00f3 a 36 puntos y escal\u00f3 al tercer lugar de la competencia, moment\u00e1neamente a dos unidades del\u00a0<strong>Atl\u00e9tico de Madrid<\/strong>, que tiene 38 y visita este s\u00e1bado al Huesca, y a siete del l\u00edder\u00a0<strong>Barcelona<\/strong>, que recibe el domingo al Legan\u00e9s.<\/p>\n<p>Los primeros 45 minutos se fueron sin goles, en un lapso donde el local tuvo m\u00e1s la posesi\u00f3n, pero le falt\u00f3 profundidad y contundencia al ataque, donde\u00a0<strong>Vinicius<\/strong>\u00a0fue el hombre importante a la ofensiva y tuvo la m\u00e1s clara apenas al minuto 5\u2019 con un disparo en el \u00e1rea que ataj\u00f3\u00a0<strong>Tom\u00e1s Vacl\u00edk<\/strong>.<\/p>\n<p>El cuadro andaluz tuvo las ideas claras, siendo m\u00e1s peligroso al contragolpe, en una primera mitad que fue de ida y vuelta por lapsos y que\u00a0<strong>Sergio Escudero<\/strong>\u00a0tuvo el gol en un mano a mano con\u00a0<strong>Thibaut Courtois<\/strong>\u00a0que mand\u00f3 por un lado del arco.<\/p>\n<p>Los dirigidos por\u00a0<strong>Santiago Solari<\/strong>\u00a0subieron la intensidad en la segunda parte, con el\u00a0<strong>Sevilla<\/strong>en su campo, pero no pudieron abrir la defensa rival, que junt\u00f3 l\u00edneas y los oblig\u00f3 a intentar todo desde fuera del \u00e1rea, una de ellas de\u00a0<strong>Dani Ceballos<\/strong>, quien sac\u00f3 un zapatazo al 66\u2019 que peg\u00f3 en el travesa\u00f1o.<\/p>\n<p>Tuvo que aparecer\u00a0<strong>Casemiro<\/strong>\u00a0con un golazo al 78\u2019 para abrir al marcador, con un disparo potente, colocado, desde larga distancia; imparable para Vacl\u00edk. Mientras que\u00a0<strong>Luka Modric<\/strong>cerr\u00f3 la cuenta al 92\u2019 con un disparo en el \u00e1rea tras robar el esf\u00e9rico en salida.<\/p>\n","protected":false},"excerpt":{"rendered":"<p>Se impuso por 2-0 ante el Sevilla para llegar a 36 puntos y escal\u00f3 al tercer lugar de la Liga, moment\u00e1neamente a dos unidades del Atl\u00e9tico de Madrid.<\/p>\n","protected":false},"author":13,"featured_media":47269,"comment_status":"closed","ping_status":"closed","sticky":false,"template":"","format":"standard","meta":[],"categories":[2],"tags":[],"acf":[],"_links":{"self":[{"href":"https:\/\/colimdo.org\/wp-api\/wp\/v2\/posts\/47268"}],"collection":[{"href":"https:\/\/colimdo.org\/wp-api\/wp\/v2\/posts"}],"about":[{"href":"https:\/\/colimdo.org\/wp-api\/wp\/v2\/types\/post"}],"author":[{"embeddable":true,"href":"https:\/\/colimdo.org\/wp-api\/wp\/v2\/users\/13"}],"replies":[{"embeddable":true,"href":"https:\/\/colimdo.org\/wp-api\/wp\/v2\/comments?post=47268"}],"version-history":[{"count":1,"href":"https:\/\/colimdo.org\/wp-api\/wp\/v2\/posts\/47268\/revisions"}],"predecessor-version":[{"id":47270,"href":"https:\/\/colimdo.org\/wp-api\/wp\/v2\/posts\/47268\/revisions\/47270"}],"wp:featuredmedia":[{"embeddable":true,"href":"https:\/\/colimdo.org\/wp-api\/wp\/v2\/media\/47269"}],"wp:attachment":[{"href":"https:\/\/colimdo.org\/wp-api\/wp\/v2\/media?parent=47268"}],"wp:term":[{"taxonomy":"category","embeddable":true,"href":"https:\/\/colimdo.org\/wp-api\/wp\/v2\/categories?post=47268"},{"taxonomy":"post_tag","embeddable":true,"href":"https:\/\/colimdo.org\/wp-api\/wp\/v2\/tags?post=47268"}],"curies":[{"name":"wp","href":"https:\/\/api.w.org\/{rel}","templated":true}]}}